{"id":1520,"date":"2023-03-08T17:05:23","date_gmt":"2023-03-08T16:05:23","guid":{"rendered":"https:\/\/agora.xtec.cat\/escolajeronidemoragas\/?p=1520"},"modified":"2023-03-08T17:05:23","modified_gmt":"2023-03-08T16:05:23","slug":"dia-de-la-dona-a-laula-c6","status":"publish","type":"post","link":"https:\/\/agora.xtec.cat\/escolajeronidemoragas\/general\/dia-de-la-dona-a-laula-c6\/","title":{"rendered":"DIA DE LA DONA A L&#8217;AULA C6"},"content":{"rendered":"<p><a href=\"https:\/\/agora.xtec.cat\/escolajeronidemoragas\/wp-content\/uploads\/usu2509\/2023\/03\/PORTA-C6-min-scaled-e1678291433811.jpg\"><img loading=\"lazy\" decoding=\"async\" class=\"wp-image-1522  alignleft\" src=\"https:\/\/agora.xtec.cat\/escolajeronidemoragas\/wp-content\/uploads\/usu2509\/2023\/03\/PORTA-C6-min-scaled-e1678291433811-829x1024.jpg\" alt=\"\" width=\"347\" height=\"429\" srcset=\"https:\/\/agora.xtec.cat\/escolajeronidemoragas\/wp-content\/uploads\/usu2509\/2023\/03\/PORTA-C6-min-scaled-e1678291433811-829x1024.jpg 829w, https:\/\/agora.xtec.cat\/escolajeronidemoragas\/wp-content\/uploads\/usu2509\/2023\/03\/PORTA-C6-min-scaled-e1678291433811-243x300.jpg 243w, https:\/\/agora.xtec.cat\/escolajeronidemoragas\/wp-content\/uploads\/usu2509\/2023\/03\/PORTA-C6-min-scaled-e1678291433811-768x948.jpg 768w, https:\/\/agora.xtec.cat\/escolajeronidemoragas\/wp-content\/uploads\/usu2509\/2023\/03\/PORTA-C6-min-scaled-e1678291433811-1244x1536.jpg 1244w, https:\/\/agora.xtec.cat\/escolajeronidemoragas\/wp-content\/uploads\/usu2509\/2023\/03\/PORTA-C6-min-scaled-e1678291433811-1659x2048.jpg 1659w, https:\/\/agora.xtec.cat\/escolajeronidemoragas\/wp-content\/uploads\/usu2509\/2023\/03\/PORTA-C6-min-scaled-e1678291433811.jpg 1804w\" sizes=\"auto, (max-width: 347px) 100vw, 347px\" \/><\/a><\/p>\n<p>&nbsp;<\/p>\n<p>&nbsp;<\/p>\n<p>&nbsp;<\/p>\n<p>&nbsp;<\/p>\n<p>&nbsp;<\/p>\n<p>&nbsp;<\/p>\n<p>&nbsp;<\/p>\n<p>&nbsp;<\/p>\n<p>&nbsp;<\/p>\n<p>&nbsp;<\/p>\n<p><span data-contrast=\"auto\"><strong>L&#8217;aula C6, <\/strong>del m\u00f2dul d&#8217;ESO, ha treballat una artista musical. Despr\u00e9s de fer recerca de dones cantants i una pluja d&#8217;idees amb tota l&#8217;aula, finalment va sortir com a dona escollida la <strong>Beyonc\u00e9<\/strong>. <\/span><span data-ccp-props=\"{&quot;201341983&quot;:0,&quot;335559739&quot;:160,&quot;335559740&quot;:259}\">\u00a0<\/span><\/p>\n<p><span data-contrast=\"auto\">A partir d\u2019aqu\u00ed, es van organitzar en grups de treball i van buscar<\/span><span style=\"font-family: inherit; font-size: 1em;\" data-contrast=\"auto\"> informaci\u00f3 sobre la cantant. A continuaci\u00f3, van decorar la porta de la seva aula amb la informaci\u00f3 m\u00e9s rellevant de la cantant. Per acabar, van crear la cartolina per posar-la al lla\u00e7 conjunt.\u00a0<\/span><\/p>\n<p><span data-contrast=\"auto\">Durant aquesta setmana han fet un treball intensiu relacionat amb el 8M, coneixent la import\u00e0ncia d&#8217;aquest dia a partir de la visualitzaci\u00f3 de curts i v\u00eddeos, lectura de not\u00edcies actuals, entre d&#8217;altres. <\/span><span data-ccp-props=\"{&quot;201341983&quot;:0,&quot;335559685&quot;:0,&quot;335559739&quot;:160,&quot;335559740&quot;:259}\">\u00a0<\/span><\/p>\n<p><a href=\"https:\/\/agora.xtec.cat\/escolajeronidemoragas\/wp-content\/uploads\/usu2509\/2023\/03\/Beyonce-_page-0001-min-scaled.jpg\"><img loading=\"lazy\" decoding=\"async\" class=\"wp-image-1523 alignleft\" src=\"https:\/\/agora.xtec.cat\/escolajeronidemoragas\/wp-content\/uploads\/usu2509\/2023\/03\/Beyonce-_page-0001-min-724x1024.jpg\" alt=\"\" width=\"508\" height=\"719\" srcset=\"https:\/\/agora.xtec.cat\/escolajeronidemoragas\/wp-content\/uploads\/usu2509\/2023\/03\/Beyonce-_page-0001-min-724x1024.jpg 724w, https:\/\/agora.xtec.cat\/escolajeronidemoragas\/wp-content\/uploads\/usu2509\/2023\/03\/Beyonce-_page-0001-min-212x300.jpg 212w, https:\/\/agora.xtec.cat\/escolajeronidemoragas\/wp-content\/uploads\/usu2509\/2023\/03\/Beyonce-_page-0001-min-768x1086.jpg 768w, https:\/\/agora.xtec.cat\/escolajeronidemoragas\/wp-content\/uploads\/usu2509\/2023\/03\/Beyonce-_page-0001-min-1086x1536.jpg 1086w, https:\/\/agora.xtec.cat\/escolajeronidemoragas\/wp-content\/uploads\/usu2509\/2023\/03\/Beyonce-_page-0001-min-1448x2048.jpg 1448w, https:\/\/agora.xtec.cat\/escolajeronidemoragas\/wp-content\/uploads\/usu2509\/2023\/03\/Beyonce-_page-0001-min-scaled.jpg 1810w\" sizes=\"auto, (max-width: 508px) 100vw, 508px\" \/><\/a><\/p>\n","protected":false},"excerpt":{"rendered":"<p><a href=\"https:\/\/agora.xtec.cat\/escolajeronidemoragas\/wp-content\/uploads\/usu2509\/2023\/03\/PORTA-C6-min-scaled-e1678291433811.jpg\"><\/a><br \/>\n&nbsp;<br \/>\n&nbsp;<br \/>\n&nbsp;<br \/>\n&nbsp;<br \/>\n&nbsp;<br \/>\n&nbsp;<br \/>\n&nbsp;<br \/>\n&nbsp;<br \/>\n&nbsp;<br \/>\n&nbsp;<br \/>\nL&#8217;aula C6, del m\u00f2dul d&#8217;ESO, ha treballat una artista musical. Despr\u00e9s de fer recerca de dones cantants i una pluja d&#8217;idees amb tota l&#8217;aula, finalment va sortir com a dona escollida la Beyonc\u00e9. \u00a0<br \/>\nA partir d\u2019aqu\u00ed, es van organitzar en grups de treball i&hellip;  <a href=\"https:\/\/agora.xtec.cat\/escolajeronidemoragas\/general\/dia-de-la-dona-a-laula-c6\/\" title=\"Read DIA DE LA DONA A L&#8217;AULA C6\">Llegeix m\u00e9s\u00bb<\/a><\/p>\n","protected":false},"author":1,"featured_media":0,"comment_status":"open","ping_status":"closed","sticky":false,"template":"","format":"standard","meta":{"_bbp_topic_count":0,"_bbp_reply_count":0,"_bbp_total_topic_count":0,"_bbp_total_reply_count":0,"_bbp_voice_count":0,"_bbp_anonymous_reply_count":0,"_bbp_topic_count_hidden":0,"_bbp_reply_count_hidden":0,"_bbp_forum_subforum_count":0,"footnotes":""},"categories":[1,4],"tags":[],"class_list":["post-1520","post","type-post","status-publish","format-standard","hentry","category-general","category-portada"],"post_mailing_queue_ids":[],"_links":{"self":[{"href":"https:\/\/agora.xtec.cat\/escolajeronidemoragas\/wp-json\/wp\/v2\/posts\/1520","targetHints":{"allow":["GET"]}}],"collection":[{"href":"https:\/\/agora.xtec.cat\/escolajeronidemoragas\/wp-json\/wp\/v2\/posts"}],"about":[{"href":"https:\/\/agora.xtec.cat\/escolajeronidemoragas\/wp-json\/wp\/v2\/types\/post"}],"author":[{"embeddable":true,"href":"https:\/\/agora.xtec.cat\/escolajeronidemoragas\/wp-json\/wp\/v2\/users\/1"}],"replies":[{"embeddable":true,"href":"https:\/\/agora.xtec.cat\/escolajeronidemoragas\/wp-json\/wp\/v2\/comments?post=1520"}],"version-history":[{"count":1,"href":"https:\/\/agora.xtec.cat\/escolajeronidemoragas\/wp-json\/wp\/v2\/posts\/1520\/revisions"}],"predecessor-version":[{"id":1524,"href":"https:\/\/agora.xtec.cat\/escolajeronidemoragas\/wp-json\/wp\/v2\/posts\/1520\/revisions\/1524"}],"wp:attachment":[{"href":"https:\/\/agora.xtec.cat\/escolajeronidemoragas\/wp-json\/wp\/v2\/media?parent=1520"}],"wp:term":[{"taxonomy":"category","embeddable":true,"href":"https:\/\/agora.xtec.cat\/escolajeronidemoragas\/wp-json\/wp\/v2\/categories?post=1520"},{"taxonomy":"post_tag","embeddable":true,"href":"https:\/\/agora.xtec.cat\/escolajeronidemoragas\/wp-json\/wp\/v2\/tags?post=1520"}],"curies":[{"name":"wp","href":"https:\/\/api.w.org\/{rel}","templated":true}]}}