{"id":1504,"date":"2023-03-08T22:13:08","date_gmt":"2023-03-08T21:13:08","guid":{"rendered":"https:\/\/agora.xtec.cat\/escolajeronidemoragas\/?p=1504"},"modified":"2023-03-08T22:25:33","modified_gmt":"2023-03-08T21:25:33","slug":"acte-reivindicatiu-pel-8m-dia-de-la-dona","status":"publish","type":"post","link":"https:\/\/agora.xtec.cat\/escolajeronidemoragas\/general\/acte-reivindicatiu-pel-8m-dia-de-la-dona\/","title":{"rendered":"ACTE REIVINDICATIU PEL 8M, DIA DE LA DONA"},"content":{"rendered":"<p>&nbsp;<\/p>\n<p><a href=\"https:\/\/agora.xtec.cat\/escolajeronidemoragas\/wp-content\/uploads\/usu2509\/2023\/03\/8dd27602-6b37-4387-810e-0c93307a3e83-1.jpg\"><img loading=\"lazy\" decoding=\"async\" class=\"wp-image-1535 aligncenter\" src=\"https:\/\/agora.xtec.cat\/escolajeronidemoragas\/wp-content\/uploads\/usu2509\/2023\/03\/8dd27602-6b37-4387-810e-0c93307a3e83-1-1024x768.jpg\" alt=\"\" width=\"587\" height=\"440\" \/><\/a><\/p>\n<p>Avui s&#8217;ha celebrat un acte per commemorar el dia de la dona. Tot l&#8217;alumnat i personal del centre s&#8217;ha concentrat davant l&#8217;escola per elaborar conjuntament un lla\u00e7 feminista. La coral de l&#8217;escola ha iniciat l&#8217;acte cantant dues can\u00e7ons. A continuaci\u00f3, membres de cada aula han col\u00b7locat en el lla\u00e7 la cartolina lila amb la dona treballada. El resultat ha estat un lla\u00e7 lila on hi ha representades totes les dones que han treballat les aules durant aquests darrers dies. A continuaci\u00f3, alumnes de cada etapa han llegit un manifest reivindicatiu.<\/p>\n<p>L&#8217;acte ha finalitzat amb l&#8217;actuaci\u00f3 de la can\u00e7\u00f3 &#8220;<span class=\"hiddenSpellError\">AY<\/span>\u00a0<span class=\"hiddenSpellError\">MAM\u00c1<\/span>&#8221; per part de la coral de mestres de l&#8217;escola.<\/p>\n<p><a href=\"https:\/\/agora.xtec.cat\/escolajeronidemoragas\/wp-content\/uploads\/usu2509\/2023\/03\/e08a1836-ecb8-4d63-be99-1da9e08266f3.jpg\"><img loading=\"lazy\" decoding=\"async\" class=\"wp-image-1533 aligncenter\" src=\"https:\/\/agora.xtec.cat\/escolajeronidemoragas\/wp-content\/uploads\/usu2509\/2023\/03\/e08a1836-ecb8-4d63-be99-1da9e08266f3-1024x461.jpg\" alt=\"\" width=\"584\" height=\"263\" srcset=\"https:\/\/agora.xtec.cat\/escolajeronidemoragas\/wp-content\/uploads\/usu2509\/2023\/03\/e08a1836-ecb8-4d63-be99-1da9e08266f3-1024x461.jpg 1024w, https:\/\/agora.xtec.cat\/escolajeronidemoragas\/wp-content\/uploads\/usu2509\/2023\/03\/e08a1836-ecb8-4d63-be99-1da9e08266f3-300x135.jpg 300w, https:\/\/agora.xtec.cat\/escolajeronidemoragas\/wp-content\/uploads\/usu2509\/2023\/03\/e08a1836-ecb8-4d63-be99-1da9e08266f3-768x346.jpg 768w, https:\/\/agora.xtec.cat\/escolajeronidemoragas\/wp-content\/uploads\/usu2509\/2023\/03\/e08a1836-ecb8-4d63-be99-1da9e08266f3-1536x691.jpg 1536w, https:\/\/agora.xtec.cat\/escolajeronidemoragas\/wp-content\/uploads\/usu2509\/2023\/03\/e08a1836-ecb8-4d63-be99-1da9e08266f3.jpg 1600w\" sizes=\"auto, (max-width: 584px) 100vw, 584px\" \/><\/a><br \/>\n<a href=\"https:\/\/agora.xtec.cat\/escolajeronidemoragas\/wp-content\/uploads\/usu2509\/2023\/03\/7245d9f3-e352-4b8a-bbd5-733f9c897055-1.jpg\"><img loading=\"lazy\" decoding=\"async\" class=\"wp-image-1536 aligncenter\" src=\"https:\/\/agora.xtec.cat\/escolajeronidemoragas\/wp-content\/uploads\/usu2509\/2023\/03\/7245d9f3-e352-4b8a-bbd5-733f9c897055-1-1024x461.jpg\" alt=\"\" width=\"584\" height=\"263\" srcset=\"https:\/\/agora.xtec.cat\/escolajeronidemoragas\/wp-content\/uploads\/usu2509\/2023\/03\/7245d9f3-e352-4b8a-bbd5-733f9c897055-1-1024x461.jpg 1024w, https:\/\/agora.xtec.cat\/escolajeronidemoragas\/wp-content\/uploads\/usu2509\/2023\/03\/7245d9f3-e352-4b8a-bbd5-733f9c897055-1-300x135.jpg 300w, https:\/\/agora.xtec.cat\/escolajeronidemoragas\/wp-content\/uploads\/usu2509\/2023\/03\/7245d9f3-e352-4b8a-bbd5-733f9c897055-1-768x346.jpg 768w, https:\/\/agora.xtec.cat\/escolajeronidemoragas\/wp-content\/uploads\/usu2509\/2023\/03\/7245d9f3-e352-4b8a-bbd5-733f9c897055-1-1536x691.jpg 1536w, https:\/\/agora.xtec.cat\/escolajeronidemoragas\/wp-content\/uploads\/usu2509\/2023\/03\/7245d9f3-e352-4b8a-bbd5-733f9c897055-1.jpg 1600w\" sizes=\"auto, (max-width: 584px) 100vw, 584px\" \/><\/a><br \/>\nDurant tota la jornada, l&#8217;alumnat i personal de l&#8217;escola ha pogut visualitzar en les portes de cada aula les dones treballades. Cada aula ha representat de forma creativa la dona escollida en la porta de la seva aula.<\/p>\n<p><a href=\"https:\/\/agora.xtec.cat\/escolajeronidemoragas\/wp-content\/uploads\/usu2509\/2023\/03\/7e95dd66-572b-40dc-9a76-323ccaa9606b-e1678309839941.jpg\"><img loading=\"lazy\" decoding=\"async\" class=\"wp-image-1534 aligncenter\" src=\"https:\/\/agora.xtec.cat\/escolajeronidemoragas\/wp-content\/uploads\/usu2509\/2023\/03\/7e95dd66-572b-40dc-9a76-323ccaa9606b-e1678309839941.jpg\" alt=\"\" width=\"229\" height=\"245\" srcset=\"https:\/\/agora.xtec.cat\/escolajeronidemoragas\/wp-content\/uploads\/usu2509\/2023\/03\/7e95dd66-572b-40dc-9a76-323ccaa9606b-e1678309839941.jpg 362w, https:\/\/agora.xtec.cat\/escolajeronidemoragas\/wp-content\/uploads\/usu2509\/2023\/03\/7e95dd66-572b-40dc-9a76-323ccaa9606b-e1678309839941-281x300.jpg 281w\" sizes=\"auto, (max-width: 229px) 100vw, 229px\" \/><\/a><\/p>\n<p><a href=\"https:\/\/agora.xtec.cat\/escolajeronidemoragas\/wp-content\/uploads\/usu2509\/2023\/03\/9370b465-f175-4587-8fa2-21fc8d17fe9d.jpg\"><img loading=\"lazy\" decoding=\"async\" class=\"wp-image-1537 aligncenter\" src=\"https:\/\/agora.xtec.cat\/escolajeronidemoragas\/wp-content\/uploads\/usu2509\/2023\/03\/9370b465-f175-4587-8fa2-21fc8d17fe9d-1024x768.jpg\" alt=\"\" width=\"488\" height=\"366\" srcset=\"https:\/\/agora.xtec.cat\/escolajeronidemoragas\/wp-content\/uploads\/usu2509\/2023\/03\/9370b465-f175-4587-8fa2-21fc8d17fe9d-1024x768.jpg 1024w, https:\/\/agora.xtec.cat\/escolajeronidemoragas\/wp-content\/uploads\/usu2509\/2023\/03\/9370b465-f175-4587-8fa2-21fc8d17fe9d-300x225.jpg 300w, https:\/\/agora.xtec.cat\/escolajeronidemoragas\/wp-content\/uploads\/usu2509\/2023\/03\/9370b465-f175-4587-8fa2-21fc8d17fe9d-768x576.jpg 768w, https:\/\/agora.xtec.cat\/escolajeronidemoragas\/wp-content\/uploads\/usu2509\/2023\/03\/9370b465-f175-4587-8fa2-21fc8d17fe9d-200x150.jpg 200w, https:\/\/agora.xtec.cat\/escolajeronidemoragas\/wp-content\/uploads\/usu2509\/2023\/03\/9370b465-f175-4587-8fa2-21fc8d17fe9d.jpg 1142w\" sizes=\"auto, (max-width: 488px) 100vw, 488px\" \/><\/a><\/p>\n<p><a href=\"https:\/\/agora.xtec.cat\/escolajeronidemoragas\/wp-content\/uploads\/usu2509\/2023\/03\/thumbnail.jpg\"><img loading=\"lazy\" decoding=\"async\" class=\"wp-image-1540 aligncenter\" src=\"https:\/\/agora.xtec.cat\/escolajeronidemoragas\/wp-content\/uploads\/usu2509\/2023\/03\/thumbnail-1024x768.jpg\" alt=\"\" width=\"480\" height=\"360\" srcset=\"https:\/\/agora.xtec.cat\/escolajeronidemoragas\/wp-content\/uploads\/usu2509\/2023\/03\/thumbnail-1024x768.jpg 1024w, https:\/\/agora.xtec.cat\/escolajeronidemoragas\/wp-content\/uploads\/usu2509\/2023\/03\/thumbnail-300x225.jpg 300w, https:\/\/agora.xtec.cat\/escolajeronidemoragas\/wp-content\/uploads\/usu2509\/2023\/03\/thumbnail-768x576.jpg 768w, https:\/\/agora.xtec.cat\/escolajeronidemoragas\/wp-content\/uploads\/usu2509\/2023\/03\/thumbnail-200x150.jpg 200w, https:\/\/agora.xtec.cat\/escolajeronidemoragas\/wp-content\/uploads\/usu2509\/2023\/03\/thumbnail.jpg 1095w\" sizes=\"auto, (max-width: 480px) 100vw, 480px\" \/><\/a><\/p>\n","protected":false},"excerpt":{"rendered":"<p>&nbsp;<br \/>\n<a href=\"https:\/\/agora.xtec.cat\/escolajeronidemoragas\/wp-content\/uploads\/usu2509\/2023\/03\/8dd27602-6b37-4387-810e-0c93307a3e83-1.jpg\"><\/a><br \/>\nAvui s&#8217;ha celebrat un acte per commemorar el dia de la dona. Tot l&#8217;alumnat i personal del centre s&#8217;ha concentrat davant l&#8217;escola per elaborar conjuntament un lla\u00e7 feminista. La coral de l&#8217;escola ha iniciat l&#8217;acte cantant dues can\u00e7ons. A continuaci\u00f3, membres de cada aula&hellip;  <a href=\"https:\/\/agora.xtec.cat\/escolajeronidemoragas\/general\/acte-reivindicatiu-pel-8m-dia-de-la-dona\/\" title=\"Read ACTE REIVINDICATIU PEL 8M, DIA DE LA DONA\">Llegeix m\u00e9s\u00bb<\/a><\/p>\n","protected":false},"author":1,"featured_media":0,"comment_status":"open","ping_status":"closed","sticky":false,"template":"","format":"standard","meta":{"_bbp_topic_count":0,"_bbp_reply_count":0,"_bbp_total_topic_count":0,"_bbp_total_reply_count":0,"_bbp_voice_count":0,"_bbp_anonymous_reply_count":0,"_bbp_topic_count_hidden":0,"_bbp_reply_count_hidden":0,"_bbp_forum_subforum_count":0,"footnotes":""},"categories":[1,4],"tags":[],"class_list":["post-1504","post","type-post","status-publish","format-standard","hentry","category-general","category-portada"],"post_mailing_queue_ids":[],"_links":{"self":[{"href":"https:\/\/agora.xtec.cat\/escolajeronidemoragas\/wp-json\/wp\/v2\/posts\/1504","targetHints":{"allow":["GET"]}}],"collection":[{"href":"https:\/\/agora.xtec.cat\/escolajeronidemoragas\/wp-json\/wp\/v2\/posts"}],"about":[{"href":"https:\/\/agora.xtec.cat\/escolajeronidemoragas\/wp-json\/wp\/v2\/types\/post"}],"author":[{"embeddable":true,"href":"https:\/\/agora.xtec.cat\/escolajeronidemoragas\/wp-json\/wp\/v2\/users\/1"}],"replies":[{"embeddable":true,"href":"https:\/\/agora.xtec.cat\/escolajeronidemoragas\/wp-json\/wp\/v2\/comments?post=1504"}],"version-history":[{"count":3,"href":"https:\/\/agora.xtec.cat\/escolajeronidemoragas\/wp-json\/wp\/v2\/posts\/1504\/revisions"}],"predecessor-version":[{"id":1551,"href":"https:\/\/agora.xtec.cat\/escolajeronidemoragas\/wp-json\/wp\/v2\/posts\/1504\/revisions\/1551"}],"wp:attachment":[{"href":"https:\/\/agora.xtec.cat\/escolajeronidemoragas\/wp-json\/wp\/v2\/media?parent=1504"}],"wp:term":[{"taxonomy":"category","embeddable":true,"href":"https:\/\/agora.xtec.cat\/escolajeronidemoragas\/wp-json\/wp\/v2\/categories?post=1504"},{"taxonomy":"post_tag","embeddable":true,"href":"https:\/\/agora.xtec.cat\/escolajeronidemoragas\/wp-json\/wp\/v2\/tags?post=1504"}],"curies":[{"name":"wp","href":"https:\/\/api.w.org\/{rel}","templated":true}]}}