{"id":1497,"date":"2023-03-08T16:15:02","date_gmt":"2023-03-08T15:15:02","guid":{"rendered":"https:\/\/agora.xtec.cat\/escolajeronidemoragas\/?p=1497"},"modified":"2023-03-08T16:15:02","modified_gmt":"2023-03-08T15:15:02","slug":"dia-de-la-dona-a-lescola-els-companys","status":"publish","type":"post","link":"https:\/\/agora.xtec.cat\/escolajeronidemoragas\/general\/dia-de-la-dona-a-lescola-els-companys\/","title":{"rendered":"DIA DE LA DONA A L&#8217;ESCOLA ELS COMPANYS"},"content":{"rendered":"<p>&nbsp;<\/p>\n<p><a href=\"https:\/\/agora.xtec.cat\/escolajeronidemoragas\/wp-content\/uploads\/usu2509\/2023\/03\/1678202046425-min-scaled-e1678288341732.jpg\"><img loading=\"lazy\" decoding=\"async\" class=\"wp-image-1505  alignleft\" src=\"https:\/\/agora.xtec.cat\/escolajeronidemoragas\/wp-content\/uploads\/usu2509\/2023\/03\/1678202046425-min-scaled-e1678288341732-1024x768.jpg\" alt=\"\" width=\"470\" height=\"352\" srcset=\"https:\/\/agora.xtec.cat\/escolajeronidemoragas\/wp-content\/uploads\/usu2509\/2023\/03\/1678202046425-min-scaled-e1678288341732-1024x768.jpg 1024w, https:\/\/agora.xtec.cat\/escolajeronidemoragas\/wp-content\/uploads\/usu2509\/2023\/03\/1678202046425-min-scaled-e1678288341732-300x225.jpg 300w, https:\/\/agora.xtec.cat\/escolajeronidemoragas\/wp-content\/uploads\/usu2509\/2023\/03\/1678202046425-min-scaled-e1678288341732-768x576.jpg 768w, https:\/\/agora.xtec.cat\/escolajeronidemoragas\/wp-content\/uploads\/usu2509\/2023\/03\/1678202046425-min-scaled-e1678288341732-1536x1152.jpg 1536w, https:\/\/agora.xtec.cat\/escolajeronidemoragas\/wp-content\/uploads\/usu2509\/2023\/03\/1678202046425-min-scaled-e1678288341732-2048x1536.jpg 2048w, https:\/\/agora.xtec.cat\/escolajeronidemoragas\/wp-content\/uploads\/usu2509\/2023\/03\/1678202046425-min-scaled-e1678288341732-200x150.jpg 200w\" sizes=\"auto, (max-width: 470px) 100vw, 470px\" \/><\/a> <a href=\"https:\/\/agora.xtec.cat\/escolajeronidemoragas\/wp-content\/uploads\/usu2509\/2023\/03\/IMG_4835-min-e1678288374408.jpg\"><img loading=\"lazy\" decoding=\"async\" class=\"wp-image-1506 alignright\" src=\"https:\/\/agora.xtec.cat\/escolajeronidemoragas\/wp-content\/uploads\/usu2509\/2023\/03\/IMG_4835-min-e1678288374408.jpg\" alt=\"\" width=\"481\" height=\"348\" srcset=\"https:\/\/agora.xtec.cat\/escolajeronidemoragas\/wp-content\/uploads\/usu2509\/2023\/03\/IMG_4835-min-e1678288374408.jpg 494w, https:\/\/agora.xtec.cat\/escolajeronidemoragas\/wp-content\/uploads\/usu2509\/2023\/03\/IMG_4835-min-e1678288374408-300x217.jpg 300w\" sizes=\"auto, (max-width: 481px) 100vw, 481px\" \/><\/a><\/p>\n<p>&nbsp;<\/p>\n<p>&nbsp;<\/p>\n<p>&nbsp;<\/p>\n<p>&nbsp;<\/p>\n<p>&nbsp;<\/p>\n<p>&nbsp;<\/p>\n<p>&nbsp;<\/p>\n<p>&nbsp;<\/p>\n<p>A l&#8217;escola <strong>Els Companys<\/strong> han celebrat el dia de la dona fent un tribut a quatre dones catalanes que han destacat\u00a0en l&#8217;\u00e0mbit professional, concretament en \u00e0mbits on habitualment s\u00f3n m\u00e9s reconeguts els homes.<\/p>\n<p>&#8211; L&#8217;aula E1 ha treballat la <strong>Carme Ruscalleda<\/strong>, l&#8217;\u00fanica dona catalana que t\u00e9 7 estrelles Michelin.<br \/>\n&#8211; L&#8217;aula E2 ha treballat la <strong>N\u00faria <span class=\"hiddenSpellError\">Picas<\/span><\/strong>, campiona del m\u00f3n de\u00a0v\u00e0ries\u00a0curses de muntanya.<br \/>\n&#8211; L&#8217;aula E3 ha treballat la <strong>Rosalia<\/strong>, coneguda mundialment per la seva m\u00fasica.<br \/>\n&#8211; L&#8217;aula E4 ha treballat l&#8217;<strong><span class=\"hiddenSpellError\">Alexia<\/span>\u00a0<span class=\"hiddenSpellError\">Putellas<\/span><\/strong>, considerada la millor futbolista del m\u00f3n.<\/p>\n<p>Cada aula ha preparat un p\u00f2ster sobre la dona treballada i l&#8217;ha explicat als companys. Per acabar, han llegit el manifest del 8M.<\/p>\n","protected":false},"excerpt":{"rendered":"<p>&nbsp;<br \/>\n<a href=\"https:\/\/agora.xtec.cat\/escolajeronidemoragas\/wp-content\/uploads\/usu2509\/2023\/03\/1678202046425-min-scaled-e1678288341732.jpg\"><\/a> <a href=\"https:\/\/agora.xtec.cat\/escolajeronidemoragas\/wp-content\/uploads\/usu2509\/2023\/03\/IMG_4835-min-e1678288374408.jpg\"><\/a><br \/>\n&nbsp;<br \/>\n&nbsp;<br \/>\n&nbsp;<br \/>\n&nbsp;<br \/>\n&nbsp;<br \/>\n&nbsp;<br \/>\n&nbsp;<br \/>\n&nbsp;<br \/>\nA l&#8217;escola Els Companys han celebrat el dia de la dona fent un tribut a quatre dones catalanes que han destacat\u00a0en l&#8217;\u00e0mbit professional, concretament en \u00e0mbits on habitualment s\u00f3n m\u00e9s reconeguts els homes.<br \/>\n&#8211; L&#8217;aula E1 ha treballat la Carme Ruscalleda, l&#8217;\u00fanica dona&hellip;  <a href=\"https:\/\/agora.xtec.cat\/escolajeronidemoragas\/general\/dia-de-la-dona-a-lescola-els-companys\/\" title=\"Read DIA DE LA DONA A L&#8217;ESCOLA ELS COMPANYS\">Llegeix m\u00e9s\u00bb<\/a><\/p>\n","protected":false},"author":1,"featured_media":0,"comment_status":"open","ping_status":"closed","sticky":false,"template":"","format":"standard","meta":{"_bbp_topic_count":0,"_bbp_reply_count":0,"_bbp_total_topic_count":0,"_bbp_total_reply_count":0,"_bbp_voice_count":0,"_bbp_anonymous_reply_count":0,"_bbp_topic_count_hidden":0,"_bbp_reply_count_hidden":0,"_bbp_forum_subforum_count":0,"footnotes":""},"categories":[1,4],"tags":[],"class_list":["post-1497","post","type-post","status-publish","format-standard","hentry","category-general","category-portada"],"post_mailing_queue_ids":[],"_links":{"self":[{"href":"https:\/\/agora.xtec.cat\/escolajeronidemoragas\/wp-json\/wp\/v2\/posts\/1497","targetHints":{"allow":["GET"]}}],"collection":[{"href":"https:\/\/agora.xtec.cat\/escolajeronidemoragas\/wp-json\/wp\/v2\/posts"}],"about":[{"href":"https:\/\/agora.xtec.cat\/escolajeronidemoragas\/wp-json\/wp\/v2\/types\/post"}],"author":[{"embeddable":true,"href":"https:\/\/agora.xtec.cat\/escolajeronidemoragas\/wp-json\/wp\/v2\/users\/1"}],"replies":[{"embeddable":true,"href":"https:\/\/agora.xtec.cat\/escolajeronidemoragas\/wp-json\/wp\/v2\/comments?post=1497"}],"version-history":[{"count":3,"href":"https:\/\/agora.xtec.cat\/escolajeronidemoragas\/wp-json\/wp\/v2\/posts\/1497\/revisions"}],"predecessor-version":[{"id":1511,"href":"https:\/\/agora.xtec.cat\/escolajeronidemoragas\/wp-json\/wp\/v2\/posts\/1497\/revisions\/1511"}],"wp:attachment":[{"href":"https:\/\/agora.xtec.cat\/escolajeronidemoragas\/wp-json\/wp\/v2\/media?parent=1497"}],"wp:term":[{"taxonomy":"category","embeddable":true,"href":"https:\/\/agora.xtec.cat\/escolajeronidemoragas\/wp-json\/wp\/v2\/categories?post=1497"},{"taxonomy":"post_tag","embeddable":true,"href":"https:\/\/agora.xtec.cat\/escolajeronidemoragas\/wp-json\/wp\/v2\/tags?post=1497"}],"curies":[{"name":"wp","href":"https:\/\/api.w.org\/{rel}","templated":true}]}}