{"id":1465,"date":"2023-03-02T20:30:01","date_gmt":"2023-03-02T19:30:01","guid":{"rendered":"https:\/\/agora.xtec.cat\/escolajeronidemoragas\/?p=1465"},"modified":"2023-03-02T20:30:48","modified_gmt":"2023-03-02T19:30:48","slug":"esports-a-la-carta","status":"publish","type":"post","link":"https:\/\/agora.xtec.cat\/escolajeronidemoragas\/general\/esports-a-la-carta\/","title":{"rendered":"ESPORTS A LA CARTA: BALL ESPORTIU"},"content":{"rendered":"<p><a href=\"https:\/\/agora.xtec.cat\/escolajeronidemoragas\/wp-content\/uploads\/usu2509\/2023\/03\/IMG-20230302-WA0006.jpg\"><img loading=\"lazy\" decoding=\"async\" class=\" wp-image-1471 alignleft\" src=\"https:\/\/agora.xtec.cat\/escolajeronidemoragas\/wp-content\/uploads\/usu2509\/2023\/03\/IMG-20230302-WA0006-768x1024.jpg\" alt=\"\" width=\"333\" height=\"444\" srcset=\"https:\/\/agora.xtec.cat\/escolajeronidemoragas\/wp-content\/uploads\/usu2509\/2023\/03\/IMG-20230302-WA0006-768x1024.jpg 768w, https:\/\/agora.xtec.cat\/escolajeronidemoragas\/wp-content\/uploads\/usu2509\/2023\/03\/IMG-20230302-WA0006-225x300.jpg 225w, https:\/\/agora.xtec.cat\/escolajeronidemoragas\/wp-content\/uploads\/usu2509\/2023\/03\/IMG-20230302-WA0006-1152x1536.jpg 1152w, https:\/\/agora.xtec.cat\/escolajeronidemoragas\/wp-content\/uploads\/usu2509\/2023\/03\/IMG-20230302-WA0006.jpg 1200w\" sizes=\"auto, (max-width: 333px) 100vw, 333px\" \/><\/a> <a href=\"https:\/\/agora.xtec.cat\/escolajeronidemoragas\/wp-content\/uploads\/usu2509\/2023\/03\/IMG-20230302-WA0003.jpg\"><img loading=\"lazy\" decoding=\"async\" class=\" wp-image-1468 alignleft\" src=\"https:\/\/agora.xtec.cat\/escolajeronidemoragas\/wp-content\/uploads\/usu2509\/2023\/03\/IMG-20230302-WA0003-768x1024.jpg\" alt=\"\" width=\"333\" height=\"444\" srcset=\"https:\/\/agora.xtec.cat\/escolajeronidemoragas\/wp-content\/uploads\/usu2509\/2023\/03\/IMG-20230302-WA0003-768x1024.jpg 768w, https:\/\/agora.xtec.cat\/escolajeronidemoragas\/wp-content\/uploads\/usu2509\/2023\/03\/IMG-20230302-WA0003-225x300.jpg 225w, https:\/\/agora.xtec.cat\/escolajeronidemoragas\/wp-content\/uploads\/usu2509\/2023\/03\/IMG-20230302-WA0003-1152x1536.jpg 1152w, https:\/\/agora.xtec.cat\/escolajeronidemoragas\/wp-content\/uploads\/usu2509\/2023\/03\/IMG-20230302-WA0003.jpg 1200w\" sizes=\"auto, (max-width: 333px) 100vw, 333px\" \/><\/a><\/p>\n<p>&nbsp;<\/p>\n<p>&nbsp;<\/p>\n<p>&nbsp;<\/p>\n<p>&nbsp;<\/p>\n<p>&nbsp;<\/p>\n<p>&nbsp;<\/p>\n<p>&nbsp;<\/p>\n<p>&nbsp;<\/p>\n<p>&nbsp;<\/p>\n<p>&nbsp;<\/p>\n<p><a href=\"https:\/\/agora.xtec.cat\/escolajeronidemoragas\/wp-content\/uploads\/usu2509\/2023\/03\/IMG-20230302-WA0004.jpg\"><img loading=\"lazy\" decoding=\"async\" class=\"wp-image-1469 alignleft\" src=\"https:\/\/agora.xtec.cat\/escolajeronidemoragas\/wp-content\/uploads\/usu2509\/2023\/03\/IMG-20230302-WA0004-768x1024.jpg\" alt=\"\" width=\"333\" height=\"444\" srcset=\"https:\/\/agora.xtec.cat\/escolajeronidemoragas\/wp-content\/uploads\/usu2509\/2023\/03\/IMG-20230302-WA0004-768x1024.jpg 768w, https:\/\/agora.xtec.cat\/escolajeronidemoragas\/wp-content\/uploads\/usu2509\/2023\/03\/IMG-20230302-WA0004-225x300.jpg 225w, https:\/\/agora.xtec.cat\/escolajeronidemoragas\/wp-content\/uploads\/usu2509\/2023\/03\/IMG-20230302-WA0004-1152x1536.jpg 1152w, https:\/\/agora.xtec.cat\/escolajeronidemoragas\/wp-content\/uploads\/usu2509\/2023\/03\/IMG-20230302-WA0004.jpg 1200w\" sizes=\"auto, (max-width: 333px) 100vw, 333px\" \/><\/a><\/p>\n<p><a href=\"https:\/\/agora.xtec.cat\/escolajeronidemoragas\/wp-content\/uploads\/usu2509\/2023\/03\/IMG-20230302-WA0002.jpg\"><img loading=\"lazy\" decoding=\"async\" class=\"wp-image-1467 alignleft\" src=\"https:\/\/agora.xtec.cat\/escolajeronidemoragas\/wp-content\/uploads\/usu2509\/2023\/03\/IMG-20230302-WA0002-768x1024.jpg\" alt=\"\" width=\"333\" height=\"444\" srcset=\"https:\/\/agora.xtec.cat\/escolajeronidemoragas\/wp-content\/uploads\/usu2509\/2023\/03\/IMG-20230302-WA0002-768x1024.jpg 768w, https:\/\/agora.xtec.cat\/escolajeronidemoragas\/wp-content\/uploads\/usu2509\/2023\/03\/IMG-20230302-WA0002-225x300.jpg 225w, https:\/\/agora.xtec.cat\/escolajeronidemoragas\/wp-content\/uploads\/usu2509\/2023\/03\/IMG-20230302-WA0002-1152x1536.jpg 1152w, https:\/\/agora.xtec.cat\/escolajeronidemoragas\/wp-content\/uploads\/usu2509\/2023\/03\/IMG-20230302-WA0002.jpg 1200w\" sizes=\"auto, (max-width: 333px) 100vw, 333px\" \/><\/a><\/p>\n<p>&nbsp;<\/p>\n<p>&nbsp;<\/p>\n<p>&nbsp;<\/p>\n<p>&nbsp;<\/p>\n<p>&nbsp;<\/p>\n<p>&nbsp;<\/p>\n<p>&nbsp;<\/p>\n<p>&nbsp;<\/p>\n<p>&nbsp;<\/p>\n<p>&nbsp;<\/p>\n<p>&nbsp;<\/p>\n<p>Els alumnes d&#8217;ESO de l&#8217;<strong>aula C1<\/strong> han participat en una sessi\u00f3 de <strong>ball esportiu al Club de ball Royal Dance<\/strong>. Han pogut con\u00e8ixer una altra modalitat esportiva que ofereix el programa d&#8217;Esports a la Carta. La sessi\u00f3 ha comen\u00e7at fent una elecci\u00f3 de les can\u00e7ons que els agrada i, a partir d&#8217;aqu\u00ed, han creat diferents balls i coreografies; en parelles, grupals o individuals. Els balls individuals tenien per objectiu treballar la percepci\u00f3 corporal, dibuixant i realitzant moviments amb els peus i amb els dos bra\u00e7os.<\/p>\n<p>Ha estat una experi\u00e8ncia molt bonica i enriquidora. Han gaudit molt\u00edssim i desitgen tornar-hi!<\/p>\n<p><span style=\"color: #2795b6;\"><a style=\"color: #2795b6;\" href=\"https:\/\/agora.xtec.cat\/escolajeronidemoragas\/wp-content\/uploads\/usu2509\/2023\/03\/IMG-20230302-WA0005.jpg\"><img loading=\"lazy\" decoding=\"async\" class=\" wp-image-1470 alignleft\" src=\"https:\/\/agora.xtec.cat\/escolajeronidemoragas\/wp-content\/uploads\/usu2509\/2023\/03\/IMG-20230302-WA0005-768x1024.jpg\" alt=\"\" width=\"358\" height=\"477\" srcset=\"https:\/\/agora.xtec.cat\/escolajeronidemoragas\/wp-content\/uploads\/usu2509\/2023\/03\/IMG-20230302-WA0005-768x1024.jpg 768w, https:\/\/agora.xtec.cat\/escolajeronidemoragas\/wp-content\/uploads\/usu2509\/2023\/03\/IMG-20230302-WA0005-225x300.jpg 225w, https:\/\/agora.xtec.cat\/escolajeronidemoragas\/wp-content\/uploads\/usu2509\/2023\/03\/IMG-20230302-WA0005-1152x1536.jpg 1152w, https:\/\/agora.xtec.cat\/escolajeronidemoragas\/wp-content\/uploads\/usu2509\/2023\/03\/IMG-20230302-WA0005.jpg 1200w\" sizes=\"auto, (max-width: 358px) 100vw, 358px\" \/><\/a><\/span><\/p>\n<p><a href=\"https:\/\/agora.xtec.cat\/escolajeronidemoragas\/wp-content\/uploads\/usu2509\/2023\/03\/IMG-20230302-WA0001.jpg\"><img loading=\"lazy\" decoding=\"async\" class=\" wp-image-1466 alignleft\" src=\"https:\/\/agora.xtec.cat\/escolajeronidemoragas\/wp-content\/uploads\/usu2509\/2023\/03\/IMG-20230302-WA0001-768x1024.jpg\" alt=\"\" width=\"359\" height=\"479\" srcset=\"https:\/\/agora.xtec.cat\/escolajeronidemoragas\/wp-content\/uploads\/usu2509\/2023\/03\/IMG-20230302-WA0001-768x1024.jpg 768w, https:\/\/agora.xtec.cat\/escolajeronidemoragas\/wp-content\/uploads\/usu2509\/2023\/03\/IMG-20230302-WA0001-225x300.jpg 225w, https:\/\/agora.xtec.cat\/escolajeronidemoragas\/wp-content\/uploads\/usu2509\/2023\/03\/IMG-20230302-WA0001-1152x1536.jpg 1152w, https:\/\/agora.xtec.cat\/escolajeronidemoragas\/wp-content\/uploads\/usu2509\/2023\/03\/IMG-20230302-WA0001.jpg 1200w\" sizes=\"auto, (max-width: 359px) 100vw, 359px\" \/><\/a><\/p>\n","protected":false},"excerpt":{"rendered":"<p><a href=\"https:\/\/agora.xtec.cat\/escolajeronidemoragas\/wp-content\/uploads\/usu2509\/2023\/03\/IMG-20230302-WA0006.jpg\"><\/a> <a href=\"https:\/\/agora.xtec.cat\/escolajeronidemoragas\/wp-content\/uploads\/usu2509\/2023\/03\/IMG-20230302-WA0003.jpg\"><\/a><br \/>\n&nbsp;<br \/>\n&nbsp;<br \/>\n&nbsp;<br \/>\n&nbsp;<br \/>\n&nbsp;<br \/>\n&nbsp;<br \/>\n&nbsp;<br \/>\n&nbsp;<br \/>\n&nbsp;<br \/>\n&nbsp;<br \/>\n<a href=\"https:\/\/agora.xtec.cat\/escolajeronidemoragas\/wp-content\/uploads\/usu2509\/2023\/03\/IMG-20230302-WA0004.jpg\"><\/a><br \/>\n<a href=\"https:\/\/agora.xtec.cat\/escolajeronidemoragas\/wp-content\/uploads\/usu2509\/2023\/03\/IMG-20230302-WA0002.jpg\"><\/a><br \/>\n&nbsp;<br \/>\n&nbsp;<br \/>\n&nbsp;<br \/>\n&nbsp;<br \/>\n&nbsp;<br \/>\n&nbsp;<br \/>\n&nbsp;<br \/>\n&nbsp;<br \/>\n&nbsp;<br \/>\n&nbsp;<br \/>\n&nbsp;<br \/>\nEls alumnes d&#8217;ESO de l&#8217;aula C1 han participat en una sessi\u00f3 de ball esportiu al Club de ball Royal Dance. Han pogut con\u00e8ixer una altra modalitat esportiva que ofereix el programa d&#8217;Esports a la Carta. La sessi\u00f3 ha comen\u00e7at fent&hellip;  <a href=\"https:\/\/agora.xtec.cat\/escolajeronidemoragas\/general\/esports-a-la-carta\/\" title=\"Read ESPORTS A LA CARTA: BALL ESPORTIU\">Llegeix m\u00e9s\u00bb<\/a><\/p>\n","protected":false},"author":1,"featured_media":0,"comment_status":"open","ping_status":"closed","sticky":false,"template":"","format":"standard","meta":{"_bbp_topic_count":0,"_bbp_reply_count":0,"_bbp_total_topic_count":0,"_bbp_total_reply_count":0,"_bbp_voice_count":0,"_bbp_anonymous_reply_count":0,"_bbp_topic_count_hidden":0,"_bbp_reply_count_hidden":0,"_bbp_forum_subforum_count":0,"footnotes":""},"categories":[1,4],"tags":[],"class_list":["post-1465","post","type-post","status-publish","format-standard","hentry","category-general","category-portada"],"post_mailing_queue_ids":[],"_links":{"self":[{"href":"https:\/\/agora.xtec.cat\/escolajeronidemoragas\/wp-json\/wp\/v2\/posts\/1465","targetHints":{"allow":["GET"]}}],"collection":[{"href":"https:\/\/agora.xtec.cat\/escolajeronidemoragas\/wp-json\/wp\/v2\/posts"}],"about":[{"href":"https:\/\/agora.xtec.cat\/escolajeronidemoragas\/wp-json\/wp\/v2\/types\/post"}],"author":[{"embeddable":true,"href":"https:\/\/agora.xtec.cat\/escolajeronidemoragas\/wp-json\/wp\/v2\/users\/1"}],"replies":[{"embeddable":true,"href":"https:\/\/agora.xtec.cat\/escolajeronidemoragas\/wp-json\/wp\/v2\/comments?post=1465"}],"version-history":[{"count":3,"href":"https:\/\/agora.xtec.cat\/escolajeronidemoragas\/wp-json\/wp\/v2\/posts\/1465\/revisions"}],"predecessor-version":[{"id":1476,"href":"https:\/\/agora.xtec.cat\/escolajeronidemoragas\/wp-json\/wp\/v2\/posts\/1465\/revisions\/1476"}],"wp:attachment":[{"href":"https:\/\/agora.xtec.cat\/escolajeronidemoragas\/wp-json\/wp\/v2\/media?parent=1465"}],"wp:term":[{"taxonomy":"category","embeddable":true,"href":"https:\/\/agora.xtec.cat\/escolajeronidemoragas\/wp-json\/wp\/v2\/categories?post=1465"},{"taxonomy":"post_tag","embeddable":true,"href":"https:\/\/agora.xtec.cat\/escolajeronidemoragas\/wp-json\/wp\/v2\/tags?post=1465"}],"curies":[{"name":"wp","href":"https:\/\/api.w.org\/{rel}","templated":true}]}}