{"id":1459,"date":"2023-03-01T17:29:50","date_gmt":"2023-03-01T16:29:50","guid":{"rendered":"https:\/\/agora.xtec.cat\/escolajeronidemoragas\/?p=1459"},"modified":"2023-03-01T17:30:05","modified_gmt":"2023-03-01T16:30:05","slug":"concurs-de-cuina","status":"publish","type":"post","link":"https:\/\/agora.xtec.cat\/escolajeronidemoragas\/general\/concurs-de-cuina\/","title":{"rendered":"CONCURS DE CUINA"},"content":{"rendered":"<p><span data-contrast=\"auto\"><a href=\"https:\/\/agora.xtec.cat\/escolajeronidemoragas\/wp-content\/uploads\/usu2509\/2023\/03\/WhatsApp-Image-2023-03-01-at-14.07.401.jpeg\"><img loading=\"lazy\" decoding=\"async\" class=\"alignnone wp-image-1460\" src=\"https:\/\/agora.xtec.cat\/escolajeronidemoragas\/wp-content\/uploads\/usu2509\/2023\/03\/WhatsApp-Image-2023-03-01-at-14.07.401.jpeg\" alt=\"\" width=\"254\" height=\"339\" srcset=\"https:\/\/agora.xtec.cat\/escolajeronidemoragas\/wp-content\/uploads\/usu2509\/2023\/03\/WhatsApp-Image-2023-03-01-at-14.07.401.jpeg 768w, https:\/\/agora.xtec.cat\/escolajeronidemoragas\/wp-content\/uploads\/usu2509\/2023\/03\/WhatsApp-Image-2023-03-01-at-14.07.401-225x300.jpeg 225w\" sizes=\"auto, (max-width: 254px) 100vw, 254px\" \/><\/a> <a href=\"https:\/\/agora.xtec.cat\/escolajeronidemoragas\/wp-content\/uploads\/usu2509\/2023\/03\/WhatsApp-Image-2023-03-01-at-14.07.411.jpeg\"><img loading=\"lazy\" decoding=\"async\" class=\"alignnone wp-image-1462\" src=\"https:\/\/agora.xtec.cat\/escolajeronidemoragas\/wp-content\/uploads\/usu2509\/2023\/03\/WhatsApp-Image-2023-03-01-at-14.07.411.jpeg\" alt=\"\" width=\"251\" height=\"335\" srcset=\"https:\/\/agora.xtec.cat\/escolajeronidemoragas\/wp-content\/uploads\/usu2509\/2023\/03\/WhatsApp-Image-2023-03-01-at-14.07.411.jpeg 768w, https:\/\/agora.xtec.cat\/escolajeronidemoragas\/wp-content\/uploads\/usu2509\/2023\/03\/WhatsApp-Image-2023-03-01-at-14.07.411-225x300.jpeg 225w\" sizes=\"auto, (max-width: 251px) 100vw, 251px\" \/><\/a> <\/span><\/p>\n<p><span data-contrast=\"auto\">Aquest mat\u00ed els alumnes de PFI d\u2019Establiments hotelers i de restauraci\u00f3 han anat a Urpina per gravar la proposta del plat principal que realitzar\u00e0n pel concurs de cuina, organitzat des de la Direcci\u00f3 general dels PFI. Els v\u00eddeos guanyadors passaran a la fase final i aniran a presentar-los a l\u2019escola de cuina de Girona.\u00a0<\/span><span data-ccp-props=\"{&quot;201341983&quot;:0,&quot;335551550&quot;:6,&quot;335551620&quot;:6,&quot;335559739&quot;:160,&quot;335559740&quot;:259}\">\u00a0<\/span><\/p>\n<p><span data-contrast=\"auto\">Els joves han realitzat un plat principal de pollastre a la manresana amb patata i formatge de cabra. S\u2019ho han passat d\u2019all\u00f2 m\u00e9s b\u00e9. Esperem guanyar aquesta fase i passar a la final que es celebrar\u00e0 a\u00a0Girona!<\/span><\/p>\n<p><span data-ccp-props=\"{&quot;201341983&quot;:0,&quot;335551550&quot;:6,&quot;335551620&quot;:6,&quot;335559739&quot;:160,&quot;335559740&quot;:259}\"><a href=\"https:\/\/agora.xtec.cat\/escolajeronidemoragas\/wp-content\/uploads\/usu2509\/2023\/03\/WhatsApp-Image-2023-03-01-at-14.07.40.jpeg\"><img loading=\"lazy\" decoding=\"async\" class=\"wp-image-1461 alignleft\" src=\"https:\/\/agora.xtec.cat\/escolajeronidemoragas\/wp-content\/uploads\/usu2509\/2023\/03\/WhatsApp-Image-2023-03-01-at-14.07.40.jpeg\" alt=\"\" width=\"228\" height=\"304\" srcset=\"https:\/\/agora.xtec.cat\/escolajeronidemoragas\/wp-content\/uploads\/usu2509\/2023\/03\/WhatsApp-Image-2023-03-01-at-14.07.40.jpeg 768w, https:\/\/agora.xtec.cat\/escolajeronidemoragas\/wp-content\/uploads\/usu2509\/2023\/03\/WhatsApp-Image-2023-03-01-at-14.07.40-225x300.jpeg 225w\" sizes=\"auto, (max-width: 228px) 100vw, 228px\" \/><\/a><a href=\"https:\/\/agora.xtec.cat\/escolajeronidemoragas\/wp-content\/uploads\/usu2509\/2023\/03\/WhatsApp-Image-2023-03-01-at-14.07.41.jpeg\"><img loading=\"lazy\" decoding=\"async\" class=\"wp-image-1463 alignnone\" src=\"https:\/\/agora.xtec.cat\/escolajeronidemoragas\/wp-content\/uploads\/usu2509\/2023\/03\/WhatsApp-Image-2023-03-01-at-14.07.41.jpeg\" alt=\"\" width=\"228\" height=\"304\" srcset=\"https:\/\/agora.xtec.cat\/escolajeronidemoragas\/wp-content\/uploads\/usu2509\/2023\/03\/WhatsApp-Image-2023-03-01-at-14.07.41.jpeg 768w, https:\/\/agora.xtec.cat\/escolajeronidemoragas\/wp-content\/uploads\/usu2509\/2023\/03\/WhatsApp-Image-2023-03-01-at-14.07.41-225x300.jpeg 225w\" sizes=\"auto, (max-width: 228px) 100vw, 228px\" \/><\/a><\/span><\/p>\n","protected":false},"excerpt":{"rendered":"<p><a href=\"https:\/\/agora.xtec.cat\/escolajeronidemoragas\/wp-content\/uploads\/usu2509\/2023\/03\/WhatsApp-Image-2023-03-01-at-14.07.401.jpeg\"><\/a> <a href=\"https:\/\/agora.xtec.cat\/escolajeronidemoragas\/wp-content\/uploads\/usu2509\/2023\/03\/WhatsApp-Image-2023-03-01-at-14.07.411.jpeg\"><\/a><br \/>\nAquest mat\u00ed els alumnes de PFI d\u2019Establiments hotelers i de restauraci\u00f3 han anat a Urpina per gravar la proposta del plat principal que realitzar\u00e0n pel concurs de cuina, organitzat des de la Direcci\u00f3 general dels PFI. Els v\u00eddeos guanyadors passaran a&hellip;  <a href=\"https:\/\/agora.xtec.cat\/escolajeronidemoragas\/general\/concurs-de-cuina\/\" title=\"Read CONCURS DE CUINA\">Llegeix m\u00e9s\u00bb<\/a><\/p>\n","protected":false},"author":1,"featured_media":0,"comment_status":"open","ping_status":"closed","sticky":false,"template":"","format":"standard","meta":{"_bbp_topic_count":0,"_bbp_reply_count":0,"_bbp_total_topic_count":0,"_bbp_total_reply_count":0,"_bbp_voice_count":0,"_bbp_anonymous_reply_count":0,"_bbp_topic_count_hidden":0,"_bbp_reply_count_hidden":0,"_bbp_forum_subforum_count":0,"footnotes":""},"categories":[1,4],"tags":[],"class_list":["post-1459","post","type-post","status-publish","format-standard","hentry","category-general","category-portada"],"post_mailing_queue_ids":[],"_links":{"self":[{"href":"https:\/\/agora.xtec.cat\/escolajeronidemoragas\/wp-json\/wp\/v2\/posts\/1459","targetHints":{"allow":["GET"]}}],"collection":[{"href":"https:\/\/agora.xtec.cat\/escolajeronidemoragas\/wp-json\/wp\/v2\/posts"}],"about":[{"href":"https:\/\/agora.xtec.cat\/escolajeronidemoragas\/wp-json\/wp\/v2\/types\/post"}],"author":[{"embeddable":true,"href":"https:\/\/agora.xtec.cat\/escolajeronidemoragas\/wp-json\/wp\/v2\/users\/1"}],"replies":[{"embeddable":true,"href":"https:\/\/agora.xtec.cat\/escolajeronidemoragas\/wp-json\/wp\/v2\/comments?post=1459"}],"version-history":[{"count":1,"href":"https:\/\/agora.xtec.cat\/escolajeronidemoragas\/wp-json\/wp\/v2\/posts\/1459\/revisions"}],"predecessor-version":[{"id":1464,"href":"https:\/\/agora.xtec.cat\/escolajeronidemoragas\/wp-json\/wp\/v2\/posts\/1459\/revisions\/1464"}],"wp:attachment":[{"href":"https:\/\/agora.xtec.cat\/escolajeronidemoragas\/wp-json\/wp\/v2\/media?parent=1459"}],"wp:term":[{"taxonomy":"category","embeddable":true,"href":"https:\/\/agora.xtec.cat\/escolajeronidemoragas\/wp-json\/wp\/v2\/categories?post=1459"},{"taxonomy":"post_tag","embeddable":true,"href":"https:\/\/agora.xtec.cat\/escolajeronidemoragas\/wp-json\/wp\/v2\/tags?post=1459"}],"curies":[{"name":"wp","href":"https:\/\/api.w.org\/{rel}","templated":true}]}}