{"id":1454,"date":"2023-02-27T12:16:46","date_gmt":"2023-02-27T11:16:46","guid":{"rendered":"https:\/\/agora.xtec.cat\/escolajeronidemoragas\/?p=1454"},"modified":"2023-02-27T12:16:46","modified_gmt":"2023-02-27T11:16:46","slug":"la-manresada","status":"publish","type":"post","link":"https:\/\/agora.xtec.cat\/escolajeronidemoragas\/portada\/la-manresada\/","title":{"rendered":"LA MANRESADA"},"content":{"rendered":"<p><a href=\"https:\/\/agora.xtec.cat\/escolajeronidemoragas\/wp-content\/uploads\/usu2509\/2023\/02\/manresada-1.jpg\"><img loading=\"lazy\" decoding=\"async\" class=\"wp-image-1455 alignleft\" src=\"https:\/\/agora.xtec.cat\/escolajeronidemoragas\/wp-content\/uploads\/usu2509\/2023\/02\/manresada-1-739x1024.jpg\" alt=\"\" width=\"331\" height=\"459\" srcset=\"https:\/\/agora.xtec.cat\/escolajeronidemoragas\/wp-content\/uploads\/usu2509\/2023\/02\/manresada-1-739x1024.jpg 739w, https:\/\/agora.xtec.cat\/escolajeronidemoragas\/wp-content\/uploads\/usu2509\/2023\/02\/manresada-1-216x300.jpg 216w, https:\/\/agora.xtec.cat\/escolajeronidemoragas\/wp-content\/uploads\/usu2509\/2023\/02\/manresada-1-768x1065.jpg 768w, https:\/\/agora.xtec.cat\/escolajeronidemoragas\/wp-content\/uploads\/usu2509\/2023\/02\/manresada-1.jpg 1092w\" sizes=\"auto, (max-width: 331px) 100vw, 331px\" \/><\/a> <a href=\"https:\/\/agora.xtec.cat\/escolajeronidemoragas\/wp-content\/uploads\/usu2509\/2023\/02\/manresada-2.jpg\"><img loading=\"lazy\" decoding=\"async\" class=\"wp-image-1456 alignleft\" src=\"https:\/\/agora.xtec.cat\/escolajeronidemoragas\/wp-content\/uploads\/usu2509\/2023\/02\/manresada-2-818x1024.jpg\" alt=\"\" width=\"366\" height=\"459\" srcset=\"https:\/\/agora.xtec.cat\/escolajeronidemoragas\/wp-content\/uploads\/usu2509\/2023\/02\/manresada-2-818x1024.jpg 818w, https:\/\/agora.xtec.cat\/escolajeronidemoragas\/wp-content\/uploads\/usu2509\/2023\/02\/manresada-2-240x300.jpg 240w, https:\/\/agora.xtec.cat\/escolajeronidemoragas\/wp-content\/uploads\/usu2509\/2023\/02\/manresada-2-768x962.jpg 768w, https:\/\/agora.xtec.cat\/escolajeronidemoragas\/wp-content\/uploads\/usu2509\/2023\/02\/manresada-2-1227x1536.jpg 1227w, https:\/\/agora.xtec.cat\/escolajeronidemoragas\/wp-content\/uploads\/usu2509\/2023\/02\/manresada-2.jpg 1278w\" sizes=\"auto, (max-width: 366px) 100vw, 366px\" \/><\/a><\/p>\n<p>&nbsp;<\/p>\n<p>&nbsp;<\/p>\n<p>&nbsp;<\/p>\n<p>&nbsp;<\/p>\n<p>&nbsp;<\/p>\n<p>&nbsp;<\/p>\n<p>&nbsp;<\/p>\n<p>&nbsp;<\/p>\n<p>&nbsp;<\/p>\n<p>&nbsp;<\/p>\n<p>&nbsp;<\/p>\n<p>El passat dijous dia 23 de febrer, un grup d&#8217;alumnes de\u00a0<strong><span class=\"hiddenSpellError\">TVA<\/span><\/strong>, concretament les aules D1, D3 i D4 van poder gaudir d&#8217;una matinal per la ciutat de Manresa. Van participar\u00a0en la\u00a0<strong><span class=\"hiddenSpellError\">Manresada<\/span><\/strong>, una activitat en la qual\u00a0participen diferents Instituts de la comarca.<\/p>\n<p>L&#8217;activitat consistia a realitzar diferents proves per la ciutat, amb l&#8217;objectiu de con\u00e8ixer-la tot fent \u00fas de diferents aplicacions i eines d&#8217;internet. Van seguir un itinerari, que pr\u00e8viament havien organitzat, a partir d&#8217;unes targetes que l&#8217;organitzaci\u00f3 havia donat als participants. Per poder dur a terme l&#8217;activitat, va ser necessari un treball previ a les aules per part dels alumnes i mestres.<\/p>\n<p>Mlagrat la feina dels dies previs i els nervis, ha estat una experi\u00e8ncia molt enriquidora i que ben segur la tornaran a repetir!!<\/p>\n","protected":false},"excerpt":{"rendered":"<p><a href=\"https:\/\/agora.xtec.cat\/escolajeronidemoragas\/wp-content\/uploads\/usu2509\/2023\/02\/manresada-1.jpg\"><\/a> <a href=\"https:\/\/agora.xtec.cat\/escolajeronidemoragas\/wp-content\/uploads\/usu2509\/2023\/02\/manresada-2.jpg\"><\/a><br \/>\n&nbsp;<br \/>\n&nbsp;<br \/>\n&nbsp;<br \/>\n&nbsp;<br \/>\n&nbsp;<br \/>\n&nbsp;<br \/>\n&nbsp;<br \/>\n&nbsp;<br \/>\n&nbsp;<br \/>\n&nbsp;<br \/>\n&nbsp;<br \/>\nEl passat dijous dia 23 de febrer, un grup d&#8217;alumnes de\u00a0TVA, concretament les aules D1, D3 i D4 van poder gaudir d&#8217;una matinal per la ciutat de Manresa. Van participar\u00a0en la\u00a0Manresada, una activitat en la qual\u00a0participen diferents Instituts de la comarca.<br \/>\nL&#8217;activitat consistia&hellip;  <a href=\"https:\/\/agora.xtec.cat\/escolajeronidemoragas\/portada\/la-manresada\/\" title=\"Read LA MANRESADA\">Llegeix m\u00e9s\u00bb<\/a><\/p>\n","protected":false},"author":1,"featured_media":0,"comment_status":"open","ping_status":"closed","sticky":false,"template":"","format":"standard","meta":{"_bbp_topic_count":0,"_bbp_reply_count":0,"_bbp_total_topic_count":0,"_bbp_total_reply_count":0,"_bbp_voice_count":0,"_bbp_anonymous_reply_count":0,"_bbp_topic_count_hidden":0,"_bbp_reply_count_hidden":0,"_bbp_forum_subforum_count":0,"footnotes":""},"categories":[4],"tags":[],"class_list":["post-1454","post","type-post","status-publish","format-standard","hentry","category-portada"],"post_mailing_queue_ids":[],"_links":{"self":[{"href":"https:\/\/agora.xtec.cat\/escolajeronidemoragas\/wp-json\/wp\/v2\/posts\/1454","targetHints":{"allow":["GET"]}}],"collection":[{"href":"https:\/\/agora.xtec.cat\/escolajeronidemoragas\/wp-json\/wp\/v2\/posts"}],"about":[{"href":"https:\/\/agora.xtec.cat\/escolajeronidemoragas\/wp-json\/wp\/v2\/types\/post"}],"author":[{"embeddable":true,"href":"https:\/\/agora.xtec.cat\/escolajeronidemoragas\/wp-json\/wp\/v2\/users\/1"}],"replies":[{"embeddable":true,"href":"https:\/\/agora.xtec.cat\/escolajeronidemoragas\/wp-json\/wp\/v2\/comments?post=1454"}],"version-history":[{"count":2,"href":"https:\/\/agora.xtec.cat\/escolajeronidemoragas\/wp-json\/wp\/v2\/posts\/1454\/revisions"}],"predecessor-version":[{"id":1458,"href":"https:\/\/agora.xtec.cat\/escolajeronidemoragas\/wp-json\/wp\/v2\/posts\/1454\/revisions\/1458"}],"wp:attachment":[{"href":"https:\/\/agora.xtec.cat\/escolajeronidemoragas\/wp-json\/wp\/v2\/media?parent=1454"}],"wp:term":[{"taxonomy":"category","embeddable":true,"href":"https:\/\/agora.xtec.cat\/escolajeronidemoragas\/wp-json\/wp\/v2\/categories?post=1454"},{"taxonomy":"post_tag","embeddable":true,"href":"https:\/\/agora.xtec.cat\/escolajeronidemoragas\/wp-json\/wp\/v2\/tags?post=1454"}],"curies":[{"name":"wp","href":"https:\/\/api.w.org\/{rel}","templated":true}]}}