{"id":1380,"date":"2023-02-16T22:40:04","date_gmt":"2023-02-16T21:40:04","guid":{"rendered":"https:\/\/agora.xtec.cat\/escolajeronidemoragas\/?p=1380"},"modified":"2023-02-16T22:40:04","modified_gmt":"2023-02-16T21:40:04","slug":"dijous-llarder","status":"publish","type":"post","link":"https:\/\/agora.xtec.cat\/escolajeronidemoragas\/portada\/dijous-llarder\/","title":{"rendered":"DIJOUS LLARDER!"},"content":{"rendered":"<p>Avui dijous 16 de febrer tot l&#8217;alumnat de l&#8217;escola ha celebrat el<strong> Dijous Llarder!<\/strong><\/p>\n<p>A la tarda, els alumnes d&#8217;<strong>Infantil i Prim\u00e0ria<\/strong> han anat a berenar a la Masia, aprofitant aquest dia\u00a0tan\u00a0assolellat han passat una bona estona, jugant i ballant! Ja escalfen motors per la gran festa que els espera dem\u00e0, el Carnestoltes!<\/p>\n<p><a href=\"https:\/\/agora.xtec.cat\/escolajeronidemoragas\/wp-content\/uploads\/usu2509\/2023\/02\/MODUL-B.jpg\"><img loading=\"lazy\" decoding=\"async\" class=\"aligncenter wp-image-1381\" src=\"https:\/\/agora.xtec.cat\/escolajeronidemoragas\/wp-content\/uploads\/usu2509\/2023\/02\/MODUL-B-1024x768.jpg\" alt=\"\" width=\"480\" height=\"360\" srcset=\"https:\/\/agora.xtec.cat\/escolajeronidemoragas\/wp-content\/uploads\/usu2509\/2023\/02\/MODUL-B-1024x768.jpg 1024w, https:\/\/agora.xtec.cat\/escolajeronidemoragas\/wp-content\/uploads\/usu2509\/2023\/02\/MODUL-B-300x225.jpg 300w, https:\/\/agora.xtec.cat\/escolajeronidemoragas\/wp-content\/uploads\/usu2509\/2023\/02\/MODUL-B-768x576.jpg 768w, https:\/\/agora.xtec.cat\/escolajeronidemoragas\/wp-content\/uploads\/usu2509\/2023\/02\/MODUL-B-1536x1152.jpg 1536w, https:\/\/agora.xtec.cat\/escolajeronidemoragas\/wp-content\/uploads\/usu2509\/2023\/02\/MODUL-B-200x150.jpg 200w, https:\/\/agora.xtec.cat\/escolajeronidemoragas\/wp-content\/uploads\/usu2509\/2023\/02\/MODUL-B.jpg 2040w\" sizes=\"auto, (max-width: 480px) 100vw, 480px\" \/><\/a><\/p>\n<p>Alguns grups d&#8217;<strong>ESO<\/strong>, tot i la fresca del mat\u00ed, han anat d&#8217;excursi\u00f3 fins al Parc de Pineda de Bages. All\u00e0 han esmorzat i, aprofitant les instal\u00b7lacions del Parc, han pogut jugar i passa-ho d&#8217;all\u00f2 m\u00e9s b\u00e9!<\/p>\n<p><a href=\"https:\/\/agora.xtec.cat\/escolajeronidemoragas\/wp-content\/uploads\/usu2509\/2023\/02\/MODUL-C-1.jpeg\"><img loading=\"lazy\" decoding=\"async\" class=\"wp-image-1385 aligncenter\" src=\"https:\/\/agora.xtec.cat\/escolajeronidemoragas\/wp-content\/uploads\/usu2509\/2023\/02\/MODUL-C-1.jpeg\" alt=\"\" width=\"716\" height=\"355\" srcset=\"https:\/\/agora.xtec.cat\/escolajeronidemoragas\/wp-content\/uploads\/usu2509\/2023\/02\/MODUL-C-1.jpeg 948w, https:\/\/agora.xtec.cat\/escolajeronidemoragas\/wp-content\/uploads\/usu2509\/2023\/02\/MODUL-C-1-300x149.jpeg 300w, https:\/\/agora.xtec.cat\/escolajeronidemoragas\/wp-content\/uploads\/usu2509\/2023\/02\/MODUL-C-1-768x381.jpeg 768w\" sizes=\"auto, (max-width: 716px) 100vw, 716px\" \/><\/a><\/p>\n<p>Altres grups han fet una caminada per la <span class=\"hiddenGrammarError\">S\u00e8quia<\/span>, gaudint de l&#8217;entorn\u00a0tan\u00a0especial que tenim. Han acabat la sortida a la Masia, on han esmorzat i recuperat tota l&#8217;energia!<\/p>\n<p><a href=\"https:\/\/agora.xtec.cat\/escolajeronidemoragas\/wp-content\/uploads\/usu2509\/2023\/02\/MODUL-A.4-min-scaled.jpg\"><img loading=\"lazy\" decoding=\"async\" class=\"wp-image-1389  alignleft\" src=\"https:\/\/agora.xtec.cat\/escolajeronidemoragas\/wp-content\/uploads\/usu2509\/2023\/02\/MODUL-A.4-min-scaled-e1676583132664-778x1024.jpg\" alt=\"\" width=\"311\" height=\"409\" srcset=\"https:\/\/agora.xtec.cat\/escolajeronidemoragas\/wp-content\/uploads\/usu2509\/2023\/02\/MODUL-A.4-min-scaled-e1676583132664-778x1024.jpg 778w, https:\/\/agora.xtec.cat\/escolajeronidemoragas\/wp-content\/uploads\/usu2509\/2023\/02\/MODUL-A.4-min-scaled-e1676583132664-228x300.jpg 228w, https:\/\/agora.xtec.cat\/escolajeronidemoragas\/wp-content\/uploads\/usu2509\/2023\/02\/MODUL-A.4-min-scaled-e1676583132664-768x1011.jpg 768w, https:\/\/agora.xtec.cat\/escolajeronidemoragas\/wp-content\/uploads\/usu2509\/2023\/02\/MODUL-A.4-min-scaled-e1676583132664.jpg 1094w\" sizes=\"auto, (max-width: 311px) 100vw, 311px\" \/><\/a><\/p>\n<p>&nbsp;<\/p>\n<p><a href=\"https:\/\/agora.xtec.cat\/escolajeronidemoragas\/wp-content\/uploads\/usu2509\/2023\/02\/MODUL-A.5-min-scaled.jpg\"><img loading=\"lazy\" decoding=\"async\" class=\"wp-image-1390 alignleft\" src=\"https:\/\/agora.xtec.cat\/escolajeronidemoragas\/wp-content\/uploads\/usu2509\/2023\/02\/MODUL-A.5-min-459x1024.jpg\" alt=\"\" width=\"180\" height=\"401\" srcset=\"https:\/\/agora.xtec.cat\/escolajeronidemoragas\/wp-content\/uploads\/usu2509\/2023\/02\/MODUL-A.5-min-459x1024.jpg 459w, https:\/\/agora.xtec.cat\/escolajeronidemoragas\/wp-content\/uploads\/usu2509\/2023\/02\/MODUL-A.5-min-134x300.jpg 134w, https:\/\/agora.xtec.cat\/escolajeronidemoragas\/wp-content\/uploads\/usu2509\/2023\/02\/MODUL-A.5-min-768x1714.jpg 768w, https:\/\/agora.xtec.cat\/escolajeronidemoragas\/wp-content\/uploads\/usu2509\/2023\/02\/MODUL-A.5-min-688x1536.jpg 688w, https:\/\/agora.xtec.cat\/escolajeronidemoragas\/wp-content\/uploads\/usu2509\/2023\/02\/MODUL-A.5-min-918x2048.jpg 918w, https:\/\/agora.xtec.cat\/escolajeronidemoragas\/wp-content\/uploads\/usu2509\/2023\/02\/MODUL-A.5-min-scaled.jpg 1147w\" sizes=\"auto, (max-width: 180px) 100vw, 180px\" \/><\/a><\/p>\n<p><a href=\"https:\/\/agora.xtec.cat\/escolajeronidemoragas\/wp-content\/uploads\/usu2509\/2023\/02\/MODUL-A.2-min-scaled-e1676583314263.jpg\"><img loading=\"lazy\" decoding=\"async\" class=\"wp-image-1387  alignleft\" src=\"https:\/\/agora.xtec.cat\/escolajeronidemoragas\/wp-content\/uploads\/usu2509\/2023\/02\/MODUL-A.2-min-scaled-e1676583314263-984x1024.jpg\" alt=\"\" width=\"365\" height=\"380\" srcset=\"https:\/\/agora.xtec.cat\/escolajeronidemoragas\/wp-content\/uploads\/usu2509\/2023\/02\/MODUL-A.2-min-scaled-e1676583314263-984x1024.jpg 984w, https:\/\/agora.xtec.cat\/escolajeronidemoragas\/wp-content\/uploads\/usu2509\/2023\/02\/MODUL-A.2-min-scaled-e1676583314263-288x300.jpg 288w, https:\/\/agora.xtec.cat\/escolajeronidemoragas\/wp-content\/uploads\/usu2509\/2023\/02\/MODUL-A.2-min-scaled-e1676583314263-768x800.jpg 768w, https:\/\/agora.xtec.cat\/escolajeronidemoragas\/wp-content\/uploads\/usu2509\/2023\/02\/MODUL-A.2-min-scaled-e1676583314263.jpg 1094w\" sizes=\"auto, (max-width: 365px) 100vw, 365px\" \/><\/a><\/p>\n<p>&nbsp;<\/p>\n<p>&nbsp;<\/p>\n<p>&nbsp;<\/p>\n<p>&nbsp;<\/p>\n<p>&nbsp;<\/p>\n<p>&nbsp;<\/p>\n<p>&nbsp;<\/p>\n<p>&nbsp;<\/p>\n<p>&nbsp;<\/p>\n<p>&nbsp;<\/p>\n<p>Els m\u00e9s grans de l&#8217;escola, els alumnes de\u00a0<strong><span class=\"hiddenSpellError\">TVA<\/span><\/strong>, tamb\u00e9 han fet una escapada pels voltants de l&#8217;escola, fins al berenador de Sant Iscle, on han esmorzat els entrepans que han preparat a primera hora del mat\u00ed, seguint la tradici\u00f3 en els ingredients! Han\u00a0<span class=\"hiddenGreenError\" style=\"padding-bottom: 2px; background-image: url('..\/..\/..\/..\/..\/images\/squiggle_green.png'); background-repeat: repeat-x; background-position: left bottom; cursor: default; color: #000000; font-family: 'Open Sans', Helvetica, Arial, sans-serif; font-size: 16px; font-style: normal; font-variant-ligatures: normal; font-variant-caps: normal; font-weight: 300; letter-spacing: normal; orphans: 2; text-align: start; text-indent: 0px; text-transform: none; white-space: normal; widows: 2; word-spacing: 0px; -webkit-text-stroke-width: 0px; text-decoration-thickness: initial; text-decoration-style: initial; text-decoration-color: initial;\">gaudit<\/span>\u00a0del bon temps que els ha acompanyat i han aprofitat per compartir aquest dia amb tots els seus companys.<\/p>\n<p><a href=\"https:\/\/agora.xtec.cat\/escolajeronidemoragas\/wp-content\/uploads\/usu2509\/2023\/02\/tvaa.jpeg\"><img loading=\"lazy\" decoding=\"async\" class=\"wp-image-1384 aligncenter\" src=\"https:\/\/agora.xtec.cat\/escolajeronidemoragas\/wp-content\/uploads\/usu2509\/2023\/02\/tvaa-1024x1022.jpeg\" alt=\"\" width=\"485\" height=\"484\" srcset=\"https:\/\/agora.xtec.cat\/escolajeronidemoragas\/wp-content\/uploads\/usu2509\/2023\/02\/tvaa-1024x1022.jpeg 1024w, https:\/\/agora.xtec.cat\/escolajeronidemoragas\/wp-content\/uploads\/usu2509\/2023\/02\/tvaa-300x300.jpeg 300w, https:\/\/agora.xtec.cat\/escolajeronidemoragas\/wp-content\/uploads\/usu2509\/2023\/02\/tvaa-150x150.jpeg 150w, https:\/\/agora.xtec.cat\/escolajeronidemoragas\/wp-content\/uploads\/usu2509\/2023\/02\/tvaa-768x767.jpeg 768w, https:\/\/agora.xtec.cat\/escolajeronidemoragas\/wp-content\/uploads\/usu2509\/2023\/02\/tvaa.jpeg 1200w\" sizes=\"auto, (max-width: 485px) 100vw, 485px\" \/><\/a><\/p>\n<blockquote>\n<p style=\"text-align: center;\"><em><strong>Les consignes que el Rei Carnestoltes enunciava ja arriben a la fi i la festa\u00a0tan\u00a0esperada ja \u00e9s aqu\u00ed. Aprofiteu la gresca del dia de dem\u00e0, que despr\u00e9s de la rauxa i la disbauxa arriba la Vella Quaresma portant serenitat i tranquil\u00b7litat.<\/strong><\/em><\/p>\n<\/blockquote>\n","protected":false},"excerpt":{"rendered":"<p>Avui dijous 16 de febrer tot l&#8217;alumnat de l&#8217;escola ha celebrat el Dijous Llarder!<br \/>\nA la tarda, els alumnes d&#8217;Infantil i Prim\u00e0ria han anat a berenar a la Masia, aprofitant aquest dia\u00a0tan\u00a0assolellat han passat una bona estona, jugant i ballant! Ja escalfen motors per la gran&hellip;  <a href=\"https:\/\/agora.xtec.cat\/escolajeronidemoragas\/portada\/dijous-llarder\/\" title=\"Read DIJOUS LLARDER!\">Llegeix m\u00e9s\u00bb<\/a><\/p>\n","protected":false},"author":1,"featured_media":0,"comment_status":"open","ping_status":"closed","sticky":false,"template":"","format":"standard","meta":{"_bbp_topic_count":0,"_bbp_reply_count":0,"_bbp_total_topic_count":0,"_bbp_total_reply_count":0,"_bbp_voice_count":0,"_bbp_anonymous_reply_count":0,"_bbp_topic_count_hidden":0,"_bbp_reply_count_hidden":0,"_bbp_forum_subforum_count":0,"footnotes":""},"categories":[4],"tags":[],"class_list":["post-1380","post","type-post","status-publish","format-standard","hentry","category-portada"],"post_mailing_queue_ids":[],"_links":{"self":[{"href":"https:\/\/agora.xtec.cat\/escolajeronidemoragas\/wp-json\/wp\/v2\/posts\/1380","targetHints":{"allow":["GET"]}}],"collection":[{"href":"https:\/\/agora.xtec.cat\/escolajeronidemoragas\/wp-json\/wp\/v2\/posts"}],"about":[{"href":"https:\/\/agora.xtec.cat\/escolajeronidemoragas\/wp-json\/wp\/v2\/types\/post"}],"author":[{"embeddable":true,"href":"https:\/\/agora.xtec.cat\/escolajeronidemoragas\/wp-json\/wp\/v2\/users\/1"}],"replies":[{"embeddable":true,"href":"https:\/\/agora.xtec.cat\/escolajeronidemoragas\/wp-json\/wp\/v2\/comments?post=1380"}],"version-history":[{"count":3,"href":"https:\/\/agora.xtec.cat\/escolajeronidemoragas\/wp-json\/wp\/v2\/posts\/1380\/revisions"}],"predecessor-version":[{"id":1395,"href":"https:\/\/agora.xtec.cat\/escolajeronidemoragas\/wp-json\/wp\/v2\/posts\/1380\/revisions\/1395"}],"wp:attachment":[{"href":"https:\/\/agora.xtec.cat\/escolajeronidemoragas\/wp-json\/wp\/v2\/media?parent=1380"}],"wp:term":[{"taxonomy":"category","embeddable":true,"href":"https:\/\/agora.xtec.cat\/escolajeronidemoragas\/wp-json\/wp\/v2\/categories?post=1380"},{"taxonomy":"post_tag","embeddable":true,"href":"https:\/\/agora.xtec.cat\/escolajeronidemoragas\/wp-json\/wp\/v2\/tags?post=1380"}],"curies":[{"name":"wp","href":"https:\/\/api.w.org\/{rel}","templated":true}]}}