{"id":1359,"date":"2023-02-15T11:25:43","date_gmt":"2023-02-15T10:25:43","guid":{"rendered":"https:\/\/agora.xtec.cat\/escolajeronidemoragas\/?p=1359"},"modified":"2023-02-15T15:52:51","modified_gmt":"2023-02-15T14:52:51","slug":"esports-a-la-carta-badminton","status":"publish","type":"post","link":"https:\/\/agora.xtec.cat\/escolajeronidemoragas\/portada\/esports-a-la-carta-badminton\/","title":{"rendered":"ESPORTS A LA CARTA: B\u00c0DMINTON"},"content":{"rendered":"<p>&nbsp;<\/p>\n<p><a href=\"https:\/\/agora.xtec.cat\/escolajeronidemoragas\/wp-content\/uploads\/usu2509\/2023\/02\/IMG_20230214_101905.jpg\"><img loading=\"lazy\" decoding=\"async\" class=\"wp-image-1361 alignnone\" src=\"https:\/\/agora.xtec.cat\/escolajeronidemoragas\/wp-content\/uploads\/usu2509\/2023\/02\/IMG_20230214_101905-1024x768.jpg\" alt=\"\" width=\"357\" height=\"268\" srcset=\"https:\/\/agora.xtec.cat\/escolajeronidemoragas\/wp-content\/uploads\/usu2509\/2023\/02\/IMG_20230214_101905-1024x768.jpg 1024w, https:\/\/agora.xtec.cat\/escolajeronidemoragas\/wp-content\/uploads\/usu2509\/2023\/02\/IMG_20230214_101905-300x225.jpg 300w, https:\/\/agora.xtec.cat\/escolajeronidemoragas\/wp-content\/uploads\/usu2509\/2023\/02\/IMG_20230214_101905-768x576.jpg 768w, https:\/\/agora.xtec.cat\/escolajeronidemoragas\/wp-content\/uploads\/usu2509\/2023\/02\/IMG_20230214_101905-1536x1152.jpg 1536w, https:\/\/agora.xtec.cat\/escolajeronidemoragas\/wp-content\/uploads\/usu2509\/2023\/02\/IMG_20230214_101905-200x150.jpg 200w, https:\/\/agora.xtec.cat\/escolajeronidemoragas\/wp-content\/uploads\/usu2509\/2023\/02\/IMG_20230214_101905.jpg 2040w\" sizes=\"auto, (max-width: 357px) 100vw, 357px\" \/><\/a><\/p>\n<p>Aquest mes de febrer s&#8217;han iniciat les sessions del programa Esports a la Carta que organitza l&#8217;Ajuntament de Manresa. El curs passat ja es va portar a cap aquest programa i va ser tant l&#8217;\u00e8xit generat, que aquest curs 2022-23 s&#8217;ha repr\u00e8s.<\/p>\n<p>L&#8217;objectiu principal del programa \u00e9s donar a con\u00e8ixer als infants i adolescents diferents modalitats esportives. Per tal de fer-les accessibles a tot l&#8217;alumnat i garantint l&#8217;equitat educativa, s&#8217;ofereixen en horari lectiu i de forma gratu\u00efta.<br \/>\nA la nostra escola hi participen grups d&#8217;alumnes de totes les etapes educatives.<br \/>\nAlguns alumnes de prim\u00e0ria ja han realitzat dues sessions de B\u00e0dminton. L&#8217;Adri\u00e0 i el Miquel ens van ensenyar aquest esport i els i les alumnes van poder familiaritzar-se amb la raqueta i el volant.<\/p>\n<p><a href=\"https:\/\/agora.xtec.cat\/escolajeronidemoragas\/wp-content\/uploads\/usu2509\/2023\/02\/IMG_20230214_103400.jpg\"><img loading=\"lazy\" decoding=\"async\" class=\"wp-image-1360 alignleft\" src=\"https:\/\/agora.xtec.cat\/escolajeronidemoragas\/wp-content\/uploads\/usu2509\/2023\/02\/IMG_20230214_103400-814x1024.jpg\" alt=\"\" width=\"214\" height=\"269\" srcset=\"https:\/\/agora.xtec.cat\/escolajeronidemoragas\/wp-content\/uploads\/usu2509\/2023\/02\/IMG_20230214_103400-814x1024.jpg 814w, https:\/\/agora.xtec.cat\/escolajeronidemoragas\/wp-content\/uploads\/usu2509\/2023\/02\/IMG_20230214_103400-238x300.jpg 238w, https:\/\/agora.xtec.cat\/escolajeronidemoragas\/wp-content\/uploads\/usu2509\/2023\/02\/IMG_20230214_103400-768x966.jpg 768w, https:\/\/agora.xtec.cat\/escolajeronidemoragas\/wp-content\/uploads\/usu2509\/2023\/02\/IMG_20230214_103400-1221x1536.jpg 1221w, https:\/\/agora.xtec.cat\/escolajeronidemoragas\/wp-content\/uploads\/usu2509\/2023\/02\/IMG_20230214_103400.jpg 1223w\" sizes=\"auto, (max-width: 214px) 100vw, 214px\" \/><\/a><\/p>\n","protected":false},"excerpt":{"rendered":"<p>&nbsp;<br \/>\n<a href=\"https:\/\/agora.xtec.cat\/escolajeronidemoragas\/wp-content\/uploads\/usu2509\/2023\/02\/IMG_20230214_101905.jpg\"><\/a><br \/>\nAquest mes de febrer s&#8217;han iniciat les sessions del programa Esports a la Carta que organitza l&#8217;Ajuntament de Manresa. El curs passat ja es va portar a cap aquest programa i va ser tant l&#8217;\u00e8xit generat, que aquest curs 2022-23 s&#8217;ha repr\u00e8s.<br \/>\nL&#8217;objectiu principal del&hellip;  <a href=\"https:\/\/agora.xtec.cat\/escolajeronidemoragas\/portada\/esports-a-la-carta-badminton\/\" title=\"Read ESPORTS A LA CARTA: B\u00c0DMINTON\">Llegeix m\u00e9s\u00bb<\/a><\/p>\n","protected":false},"author":1,"featured_media":1361,"comment_status":"closed","ping_status":"closed","sticky":false,"template":"","format":"standard","meta":{"_bbp_topic_count":0,"_bbp_reply_count":0,"_bbp_total_topic_count":0,"_bbp_total_reply_count":0,"_bbp_voice_count":0,"_bbp_anonymous_reply_count":0,"_bbp_topic_count_hidden":0,"_bbp_reply_count_hidden":0,"_bbp_forum_subforum_count":0,"footnotes":""},"categories":[4],"tags":[],"class_list":["post-1359","post","type-post","status-publish","format-standard","has-post-thumbnail","hentry","category-portada"],"post_mailing_queue_ids":[],"_links":{"self":[{"href":"https:\/\/agora.xtec.cat\/escolajeronidemoragas\/wp-json\/wp\/v2\/posts\/1359","targetHints":{"allow":["GET"]}}],"collection":[{"href":"https:\/\/agora.xtec.cat\/escolajeronidemoragas\/wp-json\/wp\/v2\/posts"}],"about":[{"href":"https:\/\/agora.xtec.cat\/escolajeronidemoragas\/wp-json\/wp\/v2\/types\/post"}],"author":[{"embeddable":true,"href":"https:\/\/agora.xtec.cat\/escolajeronidemoragas\/wp-json\/wp\/v2\/users\/1"}],"replies":[{"embeddable":true,"href":"https:\/\/agora.xtec.cat\/escolajeronidemoragas\/wp-json\/wp\/v2\/comments?post=1359"}],"version-history":[{"count":3,"href":"https:\/\/agora.xtec.cat\/escolajeronidemoragas\/wp-json\/wp\/v2\/posts\/1359\/revisions"}],"predecessor-version":[{"id":1371,"href":"https:\/\/agora.xtec.cat\/escolajeronidemoragas\/wp-json\/wp\/v2\/posts\/1359\/revisions\/1371"}],"wp:featuredmedia":[{"embeddable":true,"href":"https:\/\/agora.xtec.cat\/escolajeronidemoragas\/wp-json\/wp\/v2\/media\/1361"}],"wp:attachment":[{"href":"https:\/\/agora.xtec.cat\/escolajeronidemoragas\/wp-json\/wp\/v2\/media?parent=1359"}],"wp:term":[{"taxonomy":"category","embeddable":true,"href":"https:\/\/agora.xtec.cat\/escolajeronidemoragas\/wp-json\/wp\/v2\/categories?post=1359"},{"taxonomy":"post_tag","embeddable":true,"href":"https:\/\/agora.xtec.cat\/escolajeronidemoragas\/wp-json\/wp\/v2\/tags?post=1359"}],"curies":[{"name":"wp","href":"https:\/\/api.w.org\/{rel}","templated":true}]}}