{"id":1291,"date":"2022-11-29T16:40:47","date_gmt":"2022-11-29T15:40:47","guid":{"rendered":"https:\/\/agora.xtec.cat\/escolajeronidemoragas\/?p=1291"},"modified":"2022-11-29T17:12:54","modified_gmt":"2022-11-29T16:12:54","slug":"unificat","status":"publish","type":"post","link":"https:\/\/agora.xtec.cat\/escolajeronidemoragas\/portada\/unificat\/","title":{"rendered":"Unifica&#8217;t"},"content":{"rendered":"<p><a href=\"https:\/\/agora.xtec.cat\/escolajeronidemoragas\/wp-content\/uploads\/usu2509\/2022\/11\/1669734026694.jpg\"><img loading=\"lazy\" decoding=\"async\" class=\"wp-image-1279 aligncenter\" src=\"https:\/\/agora.xtec.cat\/escolajeronidemoragas\/wp-content\/uploads\/usu2509\/2022\/11\/1669734026694-1024x461.jpg\" alt=\"\" width=\"592\" height=\"267\" srcset=\"https:\/\/agora.xtec.cat\/escolajeronidemoragas\/wp-content\/uploads\/usu2509\/2022\/11\/1669734026694-1024x461.jpg 1024w, https:\/\/agora.xtec.cat\/escolajeronidemoragas\/wp-content\/uploads\/usu2509\/2022\/11\/1669734026694-300x135.jpg 300w, https:\/\/agora.xtec.cat\/escolajeronidemoragas\/wp-content\/uploads\/usu2509\/2022\/11\/1669734026694-768x346.jpg 768w, https:\/\/agora.xtec.cat\/escolajeronidemoragas\/wp-content\/uploads\/usu2509\/2022\/11\/1669734026694-1536x691.jpg 1536w, https:\/\/agora.xtec.cat\/escolajeronidemoragas\/wp-content\/uploads\/usu2509\/2022\/11\/1669734026694-2048x922.jpg 2048w\" sizes=\"auto, (max-width: 592px) 100vw, 592px\" \/><\/a><\/p>\n<p>40 alumnes dels Programes de Transici\u00f3 a la Vida Adulta (TVA) i dels Itineraris Formatius Espec\u00edfics (IFE) de la nostra escola van participar d&#8217;una gran jornada festiva i esportiva, magn\u00edficament organitzada per Special Olympics Catalunya amb la col\u00b7laboraci\u00f3 de l&#8217;Ajuntament de Santpedor. Aquesta jornada va ser compartida amb 60 alumnes del 1r de Batxillerat de l&#8217;IES d&#8217;Aur\u00f3 de Santpedor. Els participants van poder realitzar 5 proves de diferents esports al Pavell\u00f3 Municipal i la pista coberta del municipi. La finalitat era gaudir de la pr\u00e0ctica esportiva sense cap afany competitiu. Al final de les proves, tamb\u00e9 varen poder fer un petit taller d&#8217;h\u00e0bits saludables i un final de festa on tots van rebre alguns obsequis. La nostra escola tamb\u00e9 va recollir una placa en reconeixement per la participaci\u00f3 i col\u00b7laboraci\u00f3 en aquest Unifica&#8217;t. La jornada va comptar amb la pres\u00e8ncia de l&#8217;alcalde de Santpedor i d&#8217;altres autoritats esportives; aix\u00ed com la pres\u00e8ncia de Rafa Mart\u00ednez, jugador professional durant molts anys de la Lliga ACB de b\u00e0squet, que va animar a tots els nois i noies a practicar esport i uns h\u00e0bits de vida saludables.<\/p>\n<p style=\"text-align: center;\">Va ser un dia genial!! Us en deixem una petita mostra!<\/p>\n<p><a href=\"https:\/\/agora.xtec.cat\/escolajeronidemoragas\/wp-content\/uploads\/usu2509\/2022\/11\/1669734026678.jpg\"><img loading=\"lazy\" decoding=\"async\" class=\"wp-image-1276 aligncenter\" src=\"https:\/\/agora.xtec.cat\/escolajeronidemoragas\/wp-content\/uploads\/usu2509\/2022\/11\/1669734026678-1024x461.jpg\" alt=\"\" width=\"400\" height=\"180\" srcset=\"https:\/\/agora.xtec.cat\/escolajeronidemoragas\/wp-content\/uploads\/usu2509\/2022\/11\/1669734026678-1024x461.jpg 1024w, https:\/\/agora.xtec.cat\/escolajeronidemoragas\/wp-content\/uploads\/usu2509\/2022\/11\/1669734026678-300x135.jpg 300w, https:\/\/agora.xtec.cat\/escolajeronidemoragas\/wp-content\/uploads\/usu2509\/2022\/11\/1669734026678-768x346.jpg 768w, https:\/\/agora.xtec.cat\/escolajeronidemoragas\/wp-content\/uploads\/usu2509\/2022\/11\/1669734026678-1536x691.jpg 1536w, https:\/\/agora.xtec.cat\/escolajeronidemoragas\/wp-content\/uploads\/usu2509\/2022\/11\/1669734026678-2048x922.jpg 2048w\" sizes=\"auto, (max-width: 400px) 100vw, 400px\" \/><\/a><\/p>\n<p><a href=\"https:\/\/agora.xtec.cat\/escolajeronidemoragas\/wp-content\/uploads\/usu2509\/2022\/11\/1669734026689.jpg\"><img loading=\"lazy\" decoding=\"async\" class=\"alignnone wp-image-1278\" src=\"https:\/\/agora.xtec.cat\/escolajeronidemoragas\/wp-content\/uploads\/usu2509\/2022\/11\/1669734026689-1024x461.jpg\" alt=\"\" width=\"401\" height=\"180\" srcset=\"https:\/\/agora.xtec.cat\/escolajeronidemoragas\/wp-content\/uploads\/usu2509\/2022\/11\/1669734026689-1024x461.jpg 1024w, https:\/\/agora.xtec.cat\/escolajeronidemoragas\/wp-content\/uploads\/usu2509\/2022\/11\/1669734026689-300x135.jpg 300w, https:\/\/agora.xtec.cat\/escolajeronidemoragas\/wp-content\/uploads\/usu2509\/2022\/11\/1669734026689-768x346.jpg 768w, https:\/\/agora.xtec.cat\/escolajeronidemoragas\/wp-content\/uploads\/usu2509\/2022\/11\/1669734026689-1536x691.jpg 1536w, https:\/\/agora.xtec.cat\/escolajeronidemoragas\/wp-content\/uploads\/usu2509\/2022\/11\/1669734026689-2048x922.jpg 2048w\" sizes=\"auto, (max-width: 401px) 100vw, 401px\" \/><\/a><\/p>\n<p><a href=\"https:\/\/agora.xtec.cat\/escolajeronidemoragas\/wp-content\/uploads\/usu2509\/2022\/11\/1669734026683.jpg\"><img loading=\"lazy\" decoding=\"async\" class=\"wp-image-1277 aligncenter\" src=\"https:\/\/agora.xtec.cat\/escolajeronidemoragas\/wp-content\/uploads\/usu2509\/2022\/11\/1669734026683-1024x461.jpg\" alt=\"\" width=\"413\" height=\"186\" srcset=\"https:\/\/agora.xtec.cat\/escolajeronidemoragas\/wp-content\/uploads\/usu2509\/2022\/11\/1669734026683-1024x461.jpg 1024w, https:\/\/agora.xtec.cat\/escolajeronidemoragas\/wp-content\/uploads\/usu2509\/2022\/11\/1669734026683-300x135.jpg 300w, https:\/\/agora.xtec.cat\/escolajeronidemoragas\/wp-content\/uploads\/usu2509\/2022\/11\/1669734026683-768x346.jpg 768w, https:\/\/agora.xtec.cat\/escolajeronidemoragas\/wp-content\/uploads\/usu2509\/2022\/11\/1669734026683-1536x691.jpg 1536w, https:\/\/agora.xtec.cat\/escolajeronidemoragas\/wp-content\/uploads\/usu2509\/2022\/11\/1669734026683-2048x922.jpg 2048w\" sizes=\"auto, (max-width: 413px) 100vw, 413px\" \/><\/a><\/p>\n","protected":false},"excerpt":{"rendered":"<p><a href=\"https:\/\/agora.xtec.cat\/escolajeronidemoragas\/wp-content\/uploads\/usu2509\/2022\/11\/1669734026694.jpg\"><\/a><br \/>\n40 alumnes dels Programes de Transici\u00f3 a la Vida Adulta (TVA) i dels Itineraris Formatius Espec\u00edfics (IFE) de la nostra escola van participar d&#8217;una gran jornada festiva i esportiva, magn\u00edficament organitzada per Special Olympics Catalunya amb la col\u00b7laboraci\u00f3 de l&#8217;Ajuntament de Santpedor. Aquesta jornada&hellip;  <a href=\"https:\/\/agora.xtec.cat\/escolajeronidemoragas\/portada\/unificat\/\" title=\"Read Unifica&#8217;t\">Llegeix m\u00e9s\u00bb<\/a><\/p>\n","protected":false},"author":1,"featured_media":0,"comment_status":"open","ping_status":"closed","sticky":false,"template":"","format":"standard","meta":{"_bbp_topic_count":0,"_bbp_reply_count":0,"_bbp_total_topic_count":0,"_bbp_total_reply_count":0,"_bbp_voice_count":0,"_bbp_anonymous_reply_count":0,"_bbp_topic_count_hidden":0,"_bbp_reply_count_hidden":0,"_bbp_forum_subforum_count":0,"footnotes":""},"categories":[4],"tags":[],"class_list":["post-1291","post","type-post","status-publish","format-standard","hentry","category-portada"],"post_mailing_queue_ids":[],"_links":{"self":[{"href":"https:\/\/agora.xtec.cat\/escolajeronidemoragas\/wp-json\/wp\/v2\/posts\/1291","targetHints":{"allow":["GET"]}}],"collection":[{"href":"https:\/\/agora.xtec.cat\/escolajeronidemoragas\/wp-json\/wp\/v2\/posts"}],"about":[{"href":"https:\/\/agora.xtec.cat\/escolajeronidemoragas\/wp-json\/wp\/v2\/types\/post"}],"author":[{"embeddable":true,"href":"https:\/\/agora.xtec.cat\/escolajeronidemoragas\/wp-json\/wp\/v2\/users\/1"}],"replies":[{"embeddable":true,"href":"https:\/\/agora.xtec.cat\/escolajeronidemoragas\/wp-json\/wp\/v2\/comments?post=1291"}],"version-history":[{"count":3,"href":"https:\/\/agora.xtec.cat\/escolajeronidemoragas\/wp-json\/wp\/v2\/posts\/1291\/revisions"}],"predecessor-version":[{"id":1302,"href":"https:\/\/agora.xtec.cat\/escolajeronidemoragas\/wp-json\/wp\/v2\/posts\/1291\/revisions\/1302"}],"wp:attachment":[{"href":"https:\/\/agora.xtec.cat\/escolajeronidemoragas\/wp-json\/wp\/v2\/media?parent=1291"}],"wp:term":[{"taxonomy":"category","embeddable":true,"href":"https:\/\/agora.xtec.cat\/escolajeronidemoragas\/wp-json\/wp\/v2\/categories?post=1291"},{"taxonomy":"post_tag","embeddable":true,"href":"https:\/\/agora.xtec.cat\/escolajeronidemoragas\/wp-json\/wp\/v2\/tags?post=1291"}],"curies":[{"name":"wp","href":"https:\/\/api.w.org\/{rel}","templated":true}]}}