{"id":1274,"date":"2022-11-29T16:27:01","date_gmt":"2022-11-29T15:27:01","guid":{"rendered":"https:\/\/agora.xtec.cat\/escolajeronidemoragas\/?p=1274"},"modified":"2022-11-29T16:29:33","modified_gmt":"2022-11-29T15:29:33","slug":"25n-a-la-nostra-escola","status":"publish","type":"post","link":"https:\/\/agora.xtec.cat\/escolajeronidemoragas\/portada\/25n-a-la-nostra-escola\/","title":{"rendered":"25N a la nostra escola!"},"content":{"rendered":"<p><a href=\"https:\/\/agora.xtec.cat\/escolajeronidemoragas\/wp-content\/uploads\/usu2509\/2022\/11\/1669734459860-1.jpg\"><img loading=\"lazy\" decoding=\"async\" class=\"wp-image-1282 alignleft\" src=\"https:\/\/agora.xtec.cat\/escolajeronidemoragas\/wp-content\/uploads\/usu2509\/2022\/11\/1669734459860-1-917x1024.jpg\" alt=\"\" width=\"229\" height=\"255\" srcset=\"https:\/\/agora.xtec.cat\/escolajeronidemoragas\/wp-content\/uploads\/usu2509\/2022\/11\/1669734459860-1-917x1024.jpg 917w, https:\/\/agora.xtec.cat\/escolajeronidemoragas\/wp-content\/uploads\/usu2509\/2022\/11\/1669734459860-1-269x300.jpg 269w, https:\/\/agora.xtec.cat\/escolajeronidemoragas\/wp-content\/uploads\/usu2509\/2022\/11\/1669734459860-1-768x857.jpg 768w, https:\/\/agora.xtec.cat\/escolajeronidemoragas\/wp-content\/uploads\/usu2509\/2022\/11\/1669734459860-1.jpg 1007w\" sizes=\"auto, (max-width: 229px) 100vw, 229px\" \/><\/a>Durant la tarda del 25N, els i les alumnes es van trobar davant l&#8217;entrada de l&#8217;escola per llegir conjuntament el manifest contra les viol\u00e8ncies masclistes de l&#8217;Associaci\u00f3 Catalana de Municipis. Mentrestant, els alumnes dels programes de Transici\u00f3 a la Vida Adulta (TVA) van anar composant un cor lila per fer reconeixement i homentage a totes aquelles dones v\u00edctimes de les viol\u00e8ncies masclistes.<\/p>\n<p>Les aules, pr\u00e8viament, havien treballat el manifest i havien realitzat diferents activitats de sensibilitzaci\u00f3 i den\u00fancia d&#8217;aquesta problem\u00e0tica tant gran que tenim com a societat.<\/p>\n<p style=\"text-align: center;\">Des de l&#8217;escola diem ben alt i ben fort que&#8230;<\/p>\n<p style=\"text-align: center;\"><strong>TOTS I TOTES SOM IGUALS I NO ENTENEM CAP TIPUS DE VIOL\u00c8NCIA. STOP A LES VIOL\u00c8NCIES MASCLISTES!!<\/strong><\/p>\n<p><a href=\"https:\/\/agora.xtec.cat\/escolajeronidemoragas\/wp-content\/uploads\/usu2509\/2022\/11\/1669734459865-1.jpg\"><img loading=\"lazy\" decoding=\"async\" class=\"wp-image-1285 aligncenter\" src=\"https:\/\/agora.xtec.cat\/escolajeronidemoragas\/wp-content\/uploads\/usu2509\/2022\/11\/1669734459865-1-564x1024.jpg\" alt=\"\" width=\"341\" height=\"619\" srcset=\"https:\/\/agora.xtec.cat\/escolajeronidemoragas\/wp-content\/uploads\/usu2509\/2022\/11\/1669734459865-1-564x1024.jpg 564w, https:\/\/agora.xtec.cat\/escolajeronidemoragas\/wp-content\/uploads\/usu2509\/2022\/11\/1669734459865-1-165x300.jpg 165w, https:\/\/agora.xtec.cat\/escolajeronidemoragas\/wp-content\/uploads\/usu2509\/2022\/11\/1669734459865-1.jpg 587w\" sizes=\"auto, (max-width: 341px) 100vw, 341px\" \/><\/a><\/p>\n<p>Eduquem per a un m\u00f3n millor!<\/p>\n<p><a href=\"https:\/\/agora.xtec.cat\/escolajeronidemoragas\/wp-content\/uploads\/usu2509\/2022\/01\/LOGO-ESCOLA.png\">\u00a0 <img loading=\"lazy\" decoding=\"async\" class=\"wp-image-819 alignnone\" src=\"https:\/\/agora.xtec.cat\/escolajeronidemoragas\/wp-content\/uploads\/usu2509\/2022\/01\/LOGO-ESCOLA.png\" alt=\"\" width=\"62\" height=\"62\" srcset=\"https:\/\/agora.xtec.cat\/escolajeronidemoragas\/wp-content\/uploads\/usu2509\/2022\/01\/LOGO-ESCOLA.png 400w, https:\/\/agora.xtec.cat\/escolajeronidemoragas\/wp-content\/uploads\/usu2509\/2022\/01\/LOGO-ESCOLA-300x300.png 300w, https:\/\/agora.xtec.cat\/escolajeronidemoragas\/wp-content\/uploads\/usu2509\/2022\/01\/LOGO-ESCOLA-150x150.png 150w\" sizes=\"auto, (max-width: 62px) 100vw, 62px\" \/><\/a><\/p>\n","protected":false},"excerpt":{"rendered":"<p><a href=\"https:\/\/agora.xtec.cat\/escolajeronidemoragas\/wp-content\/uploads\/usu2509\/2022\/11\/1669734459860-1.jpg\"><\/a>Durant la tarda del 25N, els i les alumnes es van trobar davant l&#8217;entrada de l&#8217;escola per llegir conjuntament el manifest contra les viol\u00e8ncies masclistes de l&#8217;Associaci\u00f3 Catalana de Municipis. Mentrestant, els alumnes dels programes de Transici\u00f3 a la Vida Adulta (TVA) van anar&hellip;  <a href=\"https:\/\/agora.xtec.cat\/escolajeronidemoragas\/portada\/25n-a-la-nostra-escola\/\" title=\"Read 25N a la nostra escola!\">Llegeix m\u00e9s\u00bb<\/a><\/p>\n","protected":false},"author":1,"featured_media":0,"comment_status":"open","ping_status":"closed","sticky":false,"template":"","format":"standard","meta":{"_bbp_topic_count":0,"_bbp_reply_count":0,"_bbp_total_topic_count":0,"_bbp_total_reply_count":0,"_bbp_voice_count":0,"_bbp_anonymous_reply_count":0,"_bbp_topic_count_hidden":0,"_bbp_reply_count_hidden":0,"_bbp_forum_subforum_count":0,"footnotes":""},"categories":[4],"tags":[],"class_list":["post-1274","post","type-post","status-publish","format-standard","hentry","category-portada"],"post_mailing_queue_ids":[],"_links":{"self":[{"href":"https:\/\/agora.xtec.cat\/escolajeronidemoragas\/wp-json\/wp\/v2\/posts\/1274","targetHints":{"allow":["GET"]}}],"collection":[{"href":"https:\/\/agora.xtec.cat\/escolajeronidemoragas\/wp-json\/wp\/v2\/posts"}],"about":[{"href":"https:\/\/agora.xtec.cat\/escolajeronidemoragas\/wp-json\/wp\/v2\/types\/post"}],"author":[{"embeddable":true,"href":"https:\/\/agora.xtec.cat\/escolajeronidemoragas\/wp-json\/wp\/v2\/users\/1"}],"replies":[{"embeddable":true,"href":"https:\/\/agora.xtec.cat\/escolajeronidemoragas\/wp-json\/wp\/v2\/comments?post=1274"}],"version-history":[{"count":3,"href":"https:\/\/agora.xtec.cat\/escolajeronidemoragas\/wp-json\/wp\/v2\/posts\/1274\/revisions"}],"predecessor-version":[{"id":1290,"href":"https:\/\/agora.xtec.cat\/escolajeronidemoragas\/wp-json\/wp\/v2\/posts\/1274\/revisions\/1290"}],"wp:attachment":[{"href":"https:\/\/agora.xtec.cat\/escolajeronidemoragas\/wp-json\/wp\/v2\/media?parent=1274"}],"wp:term":[{"taxonomy":"category","embeddable":true,"href":"https:\/\/agora.xtec.cat\/escolajeronidemoragas\/wp-json\/wp\/v2\/categories?post=1274"},{"taxonomy":"post_tag","embeddable":true,"href":"https:\/\/agora.xtec.cat\/escolajeronidemoragas\/wp-json\/wp\/v2\/tags?post=1274"}],"curies":[{"name":"wp","href":"https:\/\/api.w.org\/{rel}","templated":true}]}}