{"id":1264,"date":"2022-11-09T10:40:52","date_gmt":"2022-11-09T09:40:52","guid":{"rendered":"https:\/\/agora.xtec.cat\/escolajeronidemoragas\/?p=1264"},"modified":"2022-11-09T10:42:24","modified_gmt":"2022-11-09T09:42:24","slug":"formacio-amb-lescola-de-fonollosa","status":"publish","type":"post","link":"https:\/\/agora.xtec.cat\/escolajeronidemoragas\/portada\/formacio-amb-lescola-de-fonollosa\/","title":{"rendered":"Formaci\u00f3 amb l&#8217;escola de Fonollosa!"},"content":{"rendered":"<p>Ahir a la tarda v\u00e0rem poder compartir una bona estona amb el claustre de l&#8217;escola Agrupaci\u00f3 Sant Jordi de Fonollosa.<\/p>\n<p>Van ser unes hores molt profitoses centrades en la formaci\u00f3, que imparteix l&#8217;equip CEEPSIR, sobre &#8220;<span style=\"font-weight: 400;\">Abordatge i intervenci\u00f3 de l\u2019alumnat que presenta Trastorns de l\u2019Espectre Autista (TEA)&#8221;.\u00a0<\/span><\/p>\n<p>Esperem que aquesta i les properes sessions siguin d&#8217;all\u00f2 m\u00e9s interessants per als participants. Moltes gr\u00e0cies a tots!!<\/p>\n<p><a href=\"https:\/\/agora.xtec.cat\/escolajeronidemoragas\/wp-content\/uploads\/usu2509\/2022\/11\/1667985844907.jpg\"><img loading=\"lazy\" decoding=\"async\" class=\"wp-image-1265 aligncenter\" src=\"https:\/\/agora.xtec.cat\/escolajeronidemoragas\/wp-content\/uploads\/usu2509\/2022\/11\/1667985844907-1024x576.jpg\" alt=\"\" width=\"757\" height=\"426\" srcset=\"https:\/\/agora.xtec.cat\/escolajeronidemoragas\/wp-content\/uploads\/usu2509\/2022\/11\/1667985844907-1024x576.jpg 1024w, https:\/\/agora.xtec.cat\/escolajeronidemoragas\/wp-content\/uploads\/usu2509\/2022\/11\/1667985844907-300x169.jpg 300w, https:\/\/agora.xtec.cat\/escolajeronidemoragas\/wp-content\/uploads\/usu2509\/2022\/11\/1667985844907-768x432.jpg 768w, https:\/\/agora.xtec.cat\/escolajeronidemoragas\/wp-content\/uploads\/usu2509\/2022\/11\/1667985844907-1536x864.jpg 1536w, https:\/\/agora.xtec.cat\/escolajeronidemoragas\/wp-content\/uploads\/usu2509\/2022\/11\/1667985844907.jpg 1600w\" sizes=\"auto, (max-width: 757px) 100vw, 757px\" \/><\/a><\/p>\n<p><a href=\"https:\/\/agora.xtec.cat\/escolajeronidemoragas\/wp-content\/uploads\/usu2509\/2022\/11\/1667985844920.jpg\"><img loading=\"lazy\" decoding=\"async\" class=\"wp-image-1266 aligncenter\" src=\"https:\/\/agora.xtec.cat\/escolajeronidemoragas\/wp-content\/uploads\/usu2509\/2022\/11\/1667985844920-575x1024.jpg\" alt=\"\" width=\"357\" height=\"636\" srcset=\"https:\/\/agora.xtec.cat\/escolajeronidemoragas\/wp-content\/uploads\/usu2509\/2022\/11\/1667985844920-575x1024.jpg 575w, https:\/\/agora.xtec.cat\/escolajeronidemoragas\/wp-content\/uploads\/usu2509\/2022\/11\/1667985844920-169x300.jpg 169w, https:\/\/agora.xtec.cat\/escolajeronidemoragas\/wp-content\/uploads\/usu2509\/2022\/11\/1667985844920-768x1367.jpg 768w, https:\/\/agora.xtec.cat\/escolajeronidemoragas\/wp-content\/uploads\/usu2509\/2022\/11\/1667985844920-863x1536.jpg 863w, https:\/\/agora.xtec.cat\/escolajeronidemoragas\/wp-content\/uploads\/usu2509\/2022\/11\/1667985844920.jpg 899w\" sizes=\"auto, (max-width: 357px) 100vw, 357px\" \/><\/a><\/p>\n<p><a href=\"https:\/\/agora.xtec.cat\/escolajeronidemoragas\/wp-content\/uploads\/usu2509\/2022\/11\/1667985844933.jpg\"><img loading=\"lazy\" decoding=\"async\" class=\"wp-image-1267 aligncenter\" src=\"https:\/\/agora.xtec.cat\/escolajeronidemoragas\/wp-content\/uploads\/usu2509\/2022\/11\/1667985844933-1024x575.jpg\" alt=\"\" width=\"844\" height=\"474\" srcset=\"https:\/\/agora.xtec.cat\/escolajeronidemoragas\/wp-content\/uploads\/usu2509\/2022\/11\/1667985844933-1024x575.jpg 1024w, https:\/\/agora.xtec.cat\/escolajeronidemoragas\/wp-content\/uploads\/usu2509\/2022\/11\/1667985844933-300x169.jpg 300w, https:\/\/agora.xtec.cat\/escolajeronidemoragas\/wp-content\/uploads\/usu2509\/2022\/11\/1667985844933-768x432.jpg 768w, https:\/\/agora.xtec.cat\/escolajeronidemoragas\/wp-content\/uploads\/usu2509\/2022\/11\/1667985844933-1536x863.jpg 1536w, https:\/\/agora.xtec.cat\/escolajeronidemoragas\/wp-content\/uploads\/usu2509\/2022\/11\/1667985844933.jpg 1600w\" sizes=\"auto, (max-width: 844px) 100vw, 844px\" \/><\/a><\/p>\n","protected":false},"excerpt":{"rendered":"<p>Ahir a la tarda v\u00e0rem poder compartir una bona estona amb el claustre de l&#8217;escola Agrupaci\u00f3 Sant Jordi de Fonollosa.<br \/>\nVan ser unes hores molt profitoses centrades en la formaci\u00f3, que imparteix l&#8217;equip CEEPSIR, sobre &#8220;Abordatge i intervenci\u00f3 de l\u2019alumnat que presenta Trastorns de l\u2019Espectre Autista&hellip;  <a href=\"https:\/\/agora.xtec.cat\/escolajeronidemoragas\/portada\/formacio-amb-lescola-de-fonollosa\/\" title=\"Read Formaci\u00f3 amb l&#8217;escola de Fonollosa!\">Llegeix m\u00e9s\u00bb<\/a><\/p>\n","protected":false},"author":1,"featured_media":0,"comment_status":"open","ping_status":"closed","sticky":false,"template":"","format":"standard","meta":{"_bbp_topic_count":0,"_bbp_reply_count":0,"_bbp_total_topic_count":0,"_bbp_total_reply_count":0,"_bbp_voice_count":0,"_bbp_anonymous_reply_count":0,"_bbp_topic_count_hidden":0,"_bbp_reply_count_hidden":0,"_bbp_forum_subforum_count":0,"footnotes":""},"categories":[4],"tags":[],"class_list":["post-1264","post","type-post","status-publish","format-standard","hentry","category-portada"],"post_mailing_queue_ids":[],"_links":{"self":[{"href":"https:\/\/agora.xtec.cat\/escolajeronidemoragas\/wp-json\/wp\/v2\/posts\/1264","targetHints":{"allow":["GET"]}}],"collection":[{"href":"https:\/\/agora.xtec.cat\/escolajeronidemoragas\/wp-json\/wp\/v2\/posts"}],"about":[{"href":"https:\/\/agora.xtec.cat\/escolajeronidemoragas\/wp-json\/wp\/v2\/types\/post"}],"author":[{"embeddable":true,"href":"https:\/\/agora.xtec.cat\/escolajeronidemoragas\/wp-json\/wp\/v2\/users\/1"}],"replies":[{"embeddable":true,"href":"https:\/\/agora.xtec.cat\/escolajeronidemoragas\/wp-json\/wp\/v2\/comments?post=1264"}],"version-history":[{"count":3,"href":"https:\/\/agora.xtec.cat\/escolajeronidemoragas\/wp-json\/wp\/v2\/posts\/1264\/revisions"}],"predecessor-version":[{"id":1270,"href":"https:\/\/agora.xtec.cat\/escolajeronidemoragas\/wp-json\/wp\/v2\/posts\/1264\/revisions\/1270"}],"wp:attachment":[{"href":"https:\/\/agora.xtec.cat\/escolajeronidemoragas\/wp-json\/wp\/v2\/media?parent=1264"}],"wp:term":[{"taxonomy":"category","embeddable":true,"href":"https:\/\/agora.xtec.cat\/escolajeronidemoragas\/wp-json\/wp\/v2\/categories?post=1264"},{"taxonomy":"post_tag","embeddable":true,"href":"https:\/\/agora.xtec.cat\/escolajeronidemoragas\/wp-json\/wp\/v2\/tags?post=1264"}],"curies":[{"name":"wp","href":"https:\/\/api.w.org\/{rel}","templated":true}]}}