{"id":1239,"date":"2022-09-15T10:26:25","date_gmt":"2022-09-15T08:26:25","guid":{"rendered":"https:\/\/agora.xtec.cat\/escolajeronidemoragas\/?p=1239"},"modified":"2022-09-15T10:27:17","modified_gmt":"2022-09-15T08:27:17","slug":"ja-fa-una-setmana","status":"publish","type":"post","link":"https:\/\/agora.xtec.cat\/escolajeronidemoragas\/portada\/ja-fa-una-setmana\/","title":{"rendered":"Ja fa una setmana&#8230;"},"content":{"rendered":"<p>Ja fa una setmana que hem comen\u00e7at el curs i encara recordem els nervis i les emocions del primer dia! Quin gran dia!!! I tot el qu\u00e8 ens espera ser\u00e0 d&#8217;all\u00f2 m\u00e9s emocionant!!\u00a0 <em><a href=\"https:\/\/www.instagram.com\/reel\/CiSWJPzoW41\/?igshid=MDJmNzVkMjY=\">Veure v\u00eddeo<\/a><\/em><\/p>\n<p>Si voleu seguir el fil de la not\u00edcia, feu clic a la imatge!<\/p>\n<p><a href=\"https:\/\/ampans.cat\/actualitat\/300-alumnes-comencen-un-nou-curs-a-lescola-jeroni-de-moragas\/\"><img loading=\"lazy\" decoding=\"async\" class=\"wp-image-1240 aligncenter\" src=\"https:\/\/agora.xtec.cat\/escolajeronidemoragas\/wp-content\/uploads\/usu2509\/2022\/09\/foto-web-1024x576.jpg\" alt=\"\" width=\"752\" height=\"423\" srcset=\"https:\/\/agora.xtec.cat\/escolajeronidemoragas\/wp-content\/uploads\/usu2509\/2022\/09\/foto-web-1024x576.jpg 1024w, https:\/\/agora.xtec.cat\/escolajeronidemoragas\/wp-content\/uploads\/usu2509\/2022\/09\/foto-web-300x169.jpg 300w, https:\/\/agora.xtec.cat\/escolajeronidemoragas\/wp-content\/uploads\/usu2509\/2022\/09\/foto-web-768x432.jpg 768w, https:\/\/agora.xtec.cat\/escolajeronidemoragas\/wp-content\/uploads\/usu2509\/2022\/09\/foto-web.jpg 1280w\" sizes=\"auto, (max-width: 752px) 100vw, 752px\" \/><\/a><\/p>\n","protected":false},"excerpt":{"rendered":"<p>Ja fa una setmana que hem comen\u00e7at el curs i encara recordem els nervis i les emocions del primer dia! Quin gran dia!!! I tot el qu\u00e8 ens espera ser\u00e0 d&#8217;all\u00f2 m\u00e9s emocionant!!\u00a0 <a href=\"https:\/\/www.instagram.com\/reel\/CiSWJPzoW41\/?igshid=MDJmNzVkMjY=\">Veure v\u00eddeo<\/a><br \/>\nSi voleu seguir el fil de la not\u00edcia, feu clic&hellip;  <a href=\"https:\/\/agora.xtec.cat\/escolajeronidemoragas\/portada\/ja-fa-una-setmana\/\" title=\"Read Ja fa una setmana&#8230;\">Llegeix m\u00e9s\u00bb<\/a><\/p>\n","protected":false},"author":1,"featured_media":0,"comment_status":"open","ping_status":"closed","sticky":false,"template":"","format":"standard","meta":{"_bbp_topic_count":0,"_bbp_reply_count":0,"_bbp_total_topic_count":0,"_bbp_total_reply_count":0,"_bbp_voice_count":0,"_bbp_anonymous_reply_count":0,"_bbp_topic_count_hidden":0,"_bbp_reply_count_hidden":0,"_bbp_forum_subforum_count":0,"footnotes":""},"categories":[4],"tags":[],"class_list":["post-1239","post","type-post","status-publish","format-standard","hentry","category-portada"],"post_mailing_queue_ids":[],"_links":{"self":[{"href":"https:\/\/agora.xtec.cat\/escolajeronidemoragas\/wp-json\/wp\/v2\/posts\/1239","targetHints":{"allow":["GET"]}}],"collection":[{"href":"https:\/\/agora.xtec.cat\/escolajeronidemoragas\/wp-json\/wp\/v2\/posts"}],"about":[{"href":"https:\/\/agora.xtec.cat\/escolajeronidemoragas\/wp-json\/wp\/v2\/types\/post"}],"author":[{"embeddable":true,"href":"https:\/\/agora.xtec.cat\/escolajeronidemoragas\/wp-json\/wp\/v2\/users\/1"}],"replies":[{"embeddable":true,"href":"https:\/\/agora.xtec.cat\/escolajeronidemoragas\/wp-json\/wp\/v2\/comments?post=1239"}],"version-history":[{"count":2,"href":"https:\/\/agora.xtec.cat\/escolajeronidemoragas\/wp-json\/wp\/v2\/posts\/1239\/revisions"}],"predecessor-version":[{"id":1242,"href":"https:\/\/agora.xtec.cat\/escolajeronidemoragas\/wp-json\/wp\/v2\/posts\/1239\/revisions\/1242"}],"wp:attachment":[{"href":"https:\/\/agora.xtec.cat\/escolajeronidemoragas\/wp-json\/wp\/v2\/media?parent=1239"}],"wp:term":[{"taxonomy":"category","embeddable":true,"href":"https:\/\/agora.xtec.cat\/escolajeronidemoragas\/wp-json\/wp\/v2\/categories?post=1239"},{"taxonomy":"post_tag","embeddable":true,"href":"https:\/\/agora.xtec.cat\/escolajeronidemoragas\/wp-json\/wp\/v2\/tags?post=1239"}],"curies":[{"name":"wp","href":"https:\/\/api.w.org\/{rel}","templated":true}]}}