{"id":1217,"date":"2022-09-07T18:13:53","date_gmt":"2022-09-07T16:13:53","guid":{"rendered":"https:\/\/agora.xtec.cat\/escolajeronidemoragas\/?p=1217"},"modified":"2022-09-07T18:18:54","modified_gmt":"2022-09-07T16:18:54","slug":"tornem-a-lescola","status":"publish","type":"post","link":"https:\/\/agora.xtec.cat\/escolajeronidemoragas\/portada\/tornem-a-lescola\/","title":{"rendered":"Tornem a l&#8217;escola!"},"content":{"rendered":"<p><a style=\"color: #2795b6;\" href=\"https:\/\/agora.xtec.cat\/escolajeronidemoragas\/wp-content\/uploads\/usu2509\/2022\/09\/inici-curs.jpeg\"><img loading=\"lazy\" decoding=\"async\" class=\"wp-image-1218 alignleft\" src=\"https:\/\/agora.xtec.cat\/escolajeronidemoragas\/wp-content\/uploads\/usu2509\/2022\/09\/inici-curs.jpeg\" alt=\"\" width=\"296\" height=\"254\" srcset=\"https:\/\/agora.xtec.cat\/escolajeronidemoragas\/wp-content\/uploads\/usu2509\/2022\/09\/inici-curs.jpeg 1024w, https:\/\/agora.xtec.cat\/escolajeronidemoragas\/wp-content\/uploads\/usu2509\/2022\/09\/inici-curs-300x258.jpeg 300w, https:\/\/agora.xtec.cat\/escolajeronidemoragas\/wp-content\/uploads\/usu2509\/2022\/09\/inici-curs-768x659.jpeg 768w\" sizes=\"auto, (max-width: 296px) 100vw, 296px\" \/><\/a>Avui les aules de l&#8217;escola s&#8217;han tornat a omplir d&#8217;alumnes i mestres disposats a passar un curs GENIAL!! La tornada a l&#8217;escola sempre ens fa molta il\u00b7lusi\u00f3, per\u00f2 aquesta vegada encara m\u00e9s. Tenim un calendari escolar ple d&#8217;activitats, aprenentatges i aventures que compartirem plegats i que volem que gaudiu molt\u00edssim!!<\/p>\n<p>La J\u00falia, l&#8217;Anna, l&#8217;Eva, la Mireia, la Sara i la Fina s\u00f3n algunes de les docents que acompanyaran a cr\u00e9ixer els m\u00e9s de 200 infants i joves del nostre centre educatiu!! \u00a0\u00a0 \u00a0\u00a0 <a href=\"https:\/\/www.instagram.com\/reel\/CiK2V37oDIv\/?igshid=MDJmNzVkMjY=\"><em>Veure v\u00eddeo<\/em><\/a><\/p>\n<p>&nbsp;<\/p>\n<p style=\"text-align: center;\"><strong>Tot el claustre de l&#8217;escola us desitgem un FELI\u00c7 CURS 2022-2023 a tots!!<\/strong><\/p>\n<p>&nbsp;<\/p>\n<p>&nbsp;<\/p>\n","protected":false},"excerpt":{"rendered":"<p><a style=\"color: #2795b6;\" href=\"https:\/\/agora.xtec.cat\/escolajeronidemoragas\/wp-content\/uploads\/usu2509\/2022\/09\/inici-curs.jpeg\"><\/a>Avui les aules de l&#8217;escola s&#8217;han tornat a omplir d&#8217;alumnes i mestres disposats a passar un curs GENIAL!! La tornada a l&#8217;escola sempre ens fa molta il\u00b7lusi\u00f3, per\u00f2 aquesta vegada encara m\u00e9s. Tenim un calendari escolar ple d&#8217;activitats, aprenentatges i aventures que&hellip;  <a href=\"https:\/\/agora.xtec.cat\/escolajeronidemoragas\/portada\/tornem-a-lescola\/\" title=\"Read Tornem a l&#8217;escola!\">Llegeix m\u00e9s\u00bb<\/a><\/p>\n","protected":false},"author":1,"featured_media":0,"comment_status":"open","ping_status":"closed","sticky":false,"template":"","format":"standard","meta":{"_bbp_topic_count":0,"_bbp_reply_count":0,"_bbp_total_topic_count":0,"_bbp_total_reply_count":0,"_bbp_voice_count":0,"_bbp_anonymous_reply_count":0,"_bbp_topic_count_hidden":0,"_bbp_reply_count_hidden":0,"_bbp_forum_subforum_count":0,"footnotes":""},"categories":[4],"tags":[],"class_list":["post-1217","post","type-post","status-publish","format-standard","hentry","category-portada"],"post_mailing_queue_ids":[],"_links":{"self":[{"href":"https:\/\/agora.xtec.cat\/escolajeronidemoragas\/wp-json\/wp\/v2\/posts\/1217","targetHints":{"allow":["GET"]}}],"collection":[{"href":"https:\/\/agora.xtec.cat\/escolajeronidemoragas\/wp-json\/wp\/v2\/posts"}],"about":[{"href":"https:\/\/agora.xtec.cat\/escolajeronidemoragas\/wp-json\/wp\/v2\/types\/post"}],"author":[{"embeddable":true,"href":"https:\/\/agora.xtec.cat\/escolajeronidemoragas\/wp-json\/wp\/v2\/users\/1"}],"replies":[{"embeddable":true,"href":"https:\/\/agora.xtec.cat\/escolajeronidemoragas\/wp-json\/wp\/v2\/comments?post=1217"}],"version-history":[{"count":3,"href":"https:\/\/agora.xtec.cat\/escolajeronidemoragas\/wp-json\/wp\/v2\/posts\/1217\/revisions"}],"predecessor-version":[{"id":1222,"href":"https:\/\/agora.xtec.cat\/escolajeronidemoragas\/wp-json\/wp\/v2\/posts\/1217\/revisions\/1222"}],"wp:attachment":[{"href":"https:\/\/agora.xtec.cat\/escolajeronidemoragas\/wp-json\/wp\/v2\/media?parent=1217"}],"wp:term":[{"taxonomy":"category","embeddable":true,"href":"https:\/\/agora.xtec.cat\/escolajeronidemoragas\/wp-json\/wp\/v2\/categories?post=1217"},{"taxonomy":"post_tag","embeddable":true,"href":"https:\/\/agora.xtec.cat\/escolajeronidemoragas\/wp-json\/wp\/v2\/tags?post=1217"}],"curies":[{"name":"wp","href":"https:\/\/api.w.org\/{rel}","templated":true}]}}