{"id":1150,"date":"2022-05-25T11:36:41","date_gmt":"2022-05-25T09:36:41","guid":{"rendered":"https:\/\/agora.xtec.cat\/escolajeronidemoragas\/?p=1150"},"modified":"2022-05-25T11:43:53","modified_gmt":"2022-05-25T09:43:53","slug":"cursa-infantil-adaptada","status":"publish","type":"post","link":"https:\/\/agora.xtec.cat\/escolajeronidemoragas\/portada\/cursa-infantil-adaptada\/","title":{"rendered":"Cursa Infantil Adaptada"},"content":{"rendered":"<p><a href=\"https:\/\/agora.xtec.cat\/escolajeronidemoragas\/wp-content\/uploads\/usu2509\/2022\/05\/cartell-cursa-adaptada.png\"><img loading=\"lazy\" decoding=\"async\" class=\"wp-image-1151 alignleft\" src=\"https:\/\/agora.xtec.cat\/escolajeronidemoragas\/wp-content\/uploads\/usu2509\/2022\/05\/cartell-cursa-adaptada.png\" alt=\"\" width=\"274\" height=\"270\" srcset=\"https:\/\/agora.xtec.cat\/escolajeronidemoragas\/wp-content\/uploads\/usu2509\/2022\/05\/cartell-cursa-adaptada.png 632w, https:\/\/agora.xtec.cat\/escolajeronidemoragas\/wp-content\/uploads\/usu2509\/2022\/05\/cartell-cursa-adaptada-300x296.png 300w\" sizes=\"auto, (max-width: 274px) 100vw, 274px\" \/><\/a><strong>Aquest dissabte, la bona: arriba la cursa <\/strong><strong>infantil adaptada de Manresa!!<\/strong><\/p>\n<p>Amb la col\u00b7laboraci\u00f3 del CRTEA, l&#8217;Ajuntament de Manresa i CaixaBank, ja tenim tots els preparatius llestos per poder celebrar aquest esdeveniment esportiu i reivindicatiu <strong>dissabte 28 de maig!<\/strong><\/p>\n<p>Despr\u00e9s que la primera convocat\u00f2ria s&#8217;hagu\u00e9s d&#8217;ajornar pel vent i les<br \/>\nbaixes temperatures, la cursa infantil adaptada de Manresa s&#8217;ha<br \/>\nreprogramat per aquest dissabte 28 de maig al Passeig Pere III, davant<br \/>\nde la biblioteca del Casino. <strong>La primera cursa ser\u00e0 a les 9:30 h del mat\u00ed! US ESPEREM A TOTS!!<\/strong><\/p>\n<p>&nbsp;<\/p>\n","protected":false},"excerpt":{"rendered":"<p><a href=\"https:\/\/agora.xtec.cat\/escolajeronidemoragas\/wp-content\/uploads\/usu2509\/2022\/05\/cartell-cursa-adaptada.png\"><\/a>Aquest dissabte, la bona: arriba la cursa infantil adaptada de Manresa!!<br \/>\nAmb la col\u00b7laboraci\u00f3 del CRTEA, l&#8217;Ajuntament de Manresa i CaixaBank, ja tenim tots els preparatius llestos per poder celebrar aquest esdeveniment esportiu i reivindicatiu dissabte 28 de maig!<br \/>\nDespr\u00e9s que la primera convocat\u00f2ria s&#8217;hagu\u00e9s d&#8217;ajornar&hellip;  <a href=\"https:\/\/agora.xtec.cat\/escolajeronidemoragas\/portada\/cursa-infantil-adaptada\/\" title=\"Read Cursa Infantil Adaptada\">Llegeix m\u00e9s\u00bb<\/a><\/p>\n","protected":false},"author":1,"featured_media":0,"comment_status":"open","ping_status":"closed","sticky":false,"template":"","format":"standard","meta":{"_bbp_topic_count":0,"_bbp_reply_count":0,"_bbp_total_topic_count":0,"_bbp_total_reply_count":0,"_bbp_voice_count":0,"_bbp_anonymous_reply_count":0,"_bbp_topic_count_hidden":0,"_bbp_reply_count_hidden":0,"_bbp_forum_subforum_count":0,"footnotes":""},"categories":[4],"tags":[63],"class_list":["post-1150","post","type-post","status-publish","format-standard","hentry","category-portada","tag-events"],"post_mailing_queue_ids":[],"_links":{"self":[{"href":"https:\/\/agora.xtec.cat\/escolajeronidemoragas\/wp-json\/wp\/v2\/posts\/1150","targetHints":{"allow":["GET"]}}],"collection":[{"href":"https:\/\/agora.xtec.cat\/escolajeronidemoragas\/wp-json\/wp\/v2\/posts"}],"about":[{"href":"https:\/\/agora.xtec.cat\/escolajeronidemoragas\/wp-json\/wp\/v2\/types\/post"}],"author":[{"embeddable":true,"href":"https:\/\/agora.xtec.cat\/escolajeronidemoragas\/wp-json\/wp\/v2\/users\/1"}],"replies":[{"embeddable":true,"href":"https:\/\/agora.xtec.cat\/escolajeronidemoragas\/wp-json\/wp\/v2\/comments?post=1150"}],"version-history":[{"count":1,"href":"https:\/\/agora.xtec.cat\/escolajeronidemoragas\/wp-json\/wp\/v2\/posts\/1150\/revisions"}],"predecessor-version":[{"id":1152,"href":"https:\/\/agora.xtec.cat\/escolajeronidemoragas\/wp-json\/wp\/v2\/posts\/1150\/revisions\/1152"}],"wp:attachment":[{"href":"https:\/\/agora.xtec.cat\/escolajeronidemoragas\/wp-json\/wp\/v2\/media?parent=1150"}],"wp:term":[{"taxonomy":"category","embeddable":true,"href":"https:\/\/agora.xtec.cat\/escolajeronidemoragas\/wp-json\/wp\/v2\/categories?post=1150"},{"taxonomy":"post_tag","embeddable":true,"href":"https:\/\/agora.xtec.cat\/escolajeronidemoragas\/wp-json\/wp\/v2\/tags?post=1150"}],"curies":[{"name":"wp","href":"https:\/\/api.w.org\/{rel}","templated":true}]}}