{"id":2,"count":131,"description":"L\u2019etapa d\u2019infantil compr\u00e8n alumes d\u2019entre tres i sis anys amb diferents tipus de necessitats educatives.\r\n\r\nEn aquesta etapa el treball es focalitza en l\u2019aprenentatge a trav\u00e9s de l\u2019experimentaci\u00f3 i la viv\u00e8ncia per tal que l\u2019aprenentatge sigui significatiu i funcional. Tamb\u00e9 es potencia l\u2019adquisici\u00f3 de l\u2019autonomia a trav\u00e9s del treball d\u2019h\u00e0bits i rutines.\r\n\r\nDurant aquesta etapa \u00e9s fonamental garantir el benestar emocional de l\u2019alumne.\r\n\r\nL\u2019etapa de prim\u00e0ria compr\u00e8n alumnes d\u2019entre sis i dotze anys.\r\n\r\nEn aquesta etapa es d\u00f3na continu\u00eftat a la metodologia iniciada en l\u2019etapa d\u2019infantil tenint en compte les individualitats de cada alumne en funci\u00f3 de les seves capacitats. \u00c9s per aquest motiu que alguns alumnes segueixen fent un treball m\u00e9s d\u2019experimentaci\u00f3 i vivencial i en altres es comen\u00e7a a introduir un treball m\u00e9s curricular amb diverses metodologies apropant-nos al m\u00e0xim a la realitat de cada alumne.\r\n\r\nEn totes dues etapes es fa un treball per projectes per fer un treball globalitzat de tots els \u00e0mbits o \u00e0rees. Es respecten els diferents ritmes d\u2019aprenentatges mitjan\u00e7ant diferents canals d\u2019informaci\u00f3 recollits en el DUA tenint en compte i potenciant les intel\u00b7lig\u00e8ncies m\u00faltiples de cadascun dels alumnes. El curr\u00edculum forma part de la nostra ess\u00e8ncia de treball; adequant els seus continguts i compet\u00e8ncies a les particularitats de cada alumne.","link":"https:\/\/agora.xtec.cat\/escolajeronidemoragas\/categoria\/infantil-i-primaria\/","name":"Infantil i Prim\u00e0ria","slug":"infantil-i-primaria","taxonomy":"category","parent":0,"meta":[],"_links":{"self":[{"href":"https:\/\/agora.xtec.cat\/escolajeronidemoragas\/wp-json\/wp\/v2\/categories\/2","targetHints":{"allow":["GET"]}}],"collection":[{"href":"https:\/\/agora.xtec.cat\/escolajeronidemoragas\/wp-json\/wp\/v2\/categories"}],"about":[{"href":"https:\/\/agora.xtec.cat\/escolajeronidemoragas\/wp-json\/wp\/v2\/taxonomies\/category"}],"wp:post_type":[{"href":"https:\/\/agora.xtec.cat\/escolajeronidemoragas\/wp-json\/wp\/v2\/posts?categories=2"}],"curies":[{"name":"wp","href":"https:\/\/api.w.org\/{rel}","templated":true}]}}