{"id":7965,"date":"2020-03-12T17:01:23","date_gmt":"2020-03-12T16:01:23","guid":{"rendered":"http:\/\/agora.xtec.cat\/escolajaumemiret\/?p=7965"},"modified":"2020-03-17T08:38:12","modified_gmt":"2020-03-17T07:38:12","slug":"hem-rebut-el-1r-premi-de-la-crida-centres-educatius-360","status":"publish","type":"post","link":"https:\/\/agora.xtec.cat\/escolajaumemiret\/general\/hem-rebut-el-1r-premi-de-la-crida-centres-educatius-360\/","title":{"rendered":"Hem rebut el 1r PREMI de la Crida Centres Educatius 360"},"content":{"rendered":"<p>Estem molt content@s per rebre aquest 1r Premi. Volem agra\u00efr tota la feina, la il\u00b7lusi\u00f3 i l\u2019entrega de l\u2019equip de<br \/>\nmestres, d&#8217;infants, de l&#8217;AMPA, de l&#8217;Ajuntament de Soses, del CRP de Lleida, del Museu de Lleida, de la UdL . Tamb\u00e9 de la confian\u00e7a i el recolzament de les fam\u00edlies i de les persones, escoles i institucions que ens han acompanyat i ens obert les portes per avan\u00e7ar junts en aquest cam\u00ed de millora i d\u2019innovaci\u00f3 de la nostra pr\u00e0ctica educativa.<\/p>\n<h4>Felicitats a tota la Comunitat!<\/h4>\n","protected":false},"excerpt":{"rendered":"<p>Estem molt content@s per rebre aquest 1r Premi. Volem agra\u00efr tota la feina, la il\u00b7lusi\u00f3 i l\u2019entrega de l\u2019equip de<br \/>\nmestres, d&#8217;infants, de l&#8217;AMPA, de l&#8217;Ajuntament de Soses, del CRP de Lleida, del Museu de Lleida, de la UdL . Tamb\u00e9 de la confian\u00e7a i el&hellip;  <a href=\"https:\/\/agora.xtec.cat\/escolajaumemiret\/general\/hem-rebut-el-1r-premi-de-la-crida-centres-educatius-360\/\" title=\"Read Hem rebut el 1r PREMI de la Crida Centres Educatius 360\">Llegeix m\u00e9s\u00bb<\/a><\/p>\n","protected":false},"author":6,"featured_media":7967,"comment_status":"open","ping_status":"closed","sticky":false,"template":"","format":"standard","meta":{"_bbp_topic_count":0,"_bbp_reply_count":0,"_bbp_total_topic_count":0,"_bbp_total_reply_count":0,"_bbp_voice_count":0,"_bbp_anonymous_reply_count":0,"_bbp_topic_count_hidden":0,"_bbp_reply_count_hidden":0,"_bbp_forum_subforum_count":0,"footnotes":""},"categories":[1,2,4,5,59],"tags":[],"class_list":["post-7965","post","type-post","status-publish","format-standard","has-post-thumbnail","hentry","category-general","category-infantil","category-portada","category-primaria","category-transversal"],"post_mailing_queue_ids":[],"_links":{"self":[{"href":"https:\/\/agora.xtec.cat\/escolajaumemiret\/wp-json\/wp\/v2\/posts\/7965","targetHints":{"allow":["GET"]}}],"collection":[{"href":"https:\/\/agora.xtec.cat\/escolajaumemiret\/wp-json\/wp\/v2\/posts"}],"about":[{"href":"https:\/\/agora.xtec.cat\/escolajaumemiret\/wp-json\/wp\/v2\/types\/post"}],"author":[{"embeddable":true,"href":"https:\/\/agora.xtec.cat\/escolajaumemiret\/wp-json\/wp\/v2\/users\/6"}],"replies":[{"embeddable":true,"href":"https:\/\/agora.xtec.cat\/escolajaumemiret\/wp-json\/wp\/v2\/comments?post=7965"}],"version-history":[{"count":2,"href":"https:\/\/agora.xtec.cat\/escolajaumemiret\/wp-json\/wp\/v2\/posts\/7965\/revisions"}],"predecessor-version":[{"id":7968,"href":"https:\/\/agora.xtec.cat\/escolajaumemiret\/wp-json\/wp\/v2\/posts\/7965\/revisions\/7968"}],"wp:featuredmedia":[{"embeddable":true,"href":"https:\/\/agora.xtec.cat\/escolajaumemiret\/wp-json\/wp\/v2\/media\/7967"}],"wp:attachment":[{"href":"https:\/\/agora.xtec.cat\/escolajaumemiret\/wp-json\/wp\/v2\/media?parent=7965"}],"wp:term":[{"taxonomy":"category","embeddable":true,"href":"https:\/\/agora.xtec.cat\/escolajaumemiret\/wp-json\/wp\/v2\/categories?post=7965"},{"taxonomy":"post_tag","embeddable":true,"href":"https:\/\/agora.xtec.cat\/escolajaumemiret\/wp-json\/wp\/v2\/tags?post=7965"}],"curies":[{"name":"wp","href":"https:\/\/api.w.org\/{rel}","templated":true}]}}