{"id":2379,"date":"2019-03-29T15:22:18","date_gmt":"2019-03-29T14:22:18","guid":{"rendered":"http:\/\/agora.xtec.cat\/escolajaumeferraniclua\/?p=2379"},"modified":"2019-09-06T10:25:41","modified_gmt":"2019-09-06T08:25:41","slug":"a-p4-dos-nens-de-6e-ens-han-mostrat-un-formiguer","status":"publish","type":"post","link":"https:\/\/agora.xtec.cat\/escolajaumeferraniclua\/infantil\/i4\/a-p4-dos-nens-de-6e-ens-han-mostrat-un-formiguer\/","title":{"rendered":"A P4 DOS NENS DE 6\u00c8 ENS HAN MOSTRAT UN FORMIGUER"},"content":{"rendered":"<p>DILLUNS PASSAT VAN VENIR DOS NENS DE 6\u00c8 PER FER-NOS UNA EXPLICACI\u00d3 AMB UN POWER POINT. ENS VAN EXPOSAR EL FUNCIONAMENT D\u2019UN FORMIGUER I ENS EL VAN PORTAR F\u00cdSICAMENT PER TAL DE PODER-LO OBSERVAR \u00a0I ENTENDRE EL SEU FUNCIONAMENT. ENS VA AGRADAR MOLT I ENS HO VAN EXPLICAR MOLT B\u00c9, MOLTES GR\u00c0CIES MARC BOV\u00c9 I MARC MIRAVET!<\/p>\n<p style=\"text-align: center;\"><a href=\"https:\/\/photos.app.goo.gl\/m3kQHXbxxsNGguvk7\" target=\"_blank\" rel=\"noopener noreferrer\">FOTOS<\/a><\/p>\n","protected":false},"excerpt":{"rendered":"<p>DILLUNS PASSAT VAN VENIR DOS NENS DE 6\u00c8 PER FER-NOS UNA EXPLICACI\u00d3 AMB UN POWER POINT. ENS VAN EXPOSAR EL FUNCIONAMENT D\u2019UN FORMIGUER I ENS EL VAN PORTAR F\u00cdSICAMENT PER TAL DE PODER-LO OBSERVAR \u00a0I ENTENDRE EL SEU FUNCIONAMENT. ENS VA AGRADAR MOLT I ENS&hellip;  <a href=\"https:\/\/agora.xtec.cat\/escolajaumeferraniclua\/infantil\/i4\/a-p4-dos-nens-de-6e-ens-han-mostrat-un-formiguer\/\" title=\"Read A P4 DOS NENS DE 6\u00c8 ENS HAN MOSTRAT UN FORMIGUER\">Llegeix m\u00e9s\u00bb<\/a><\/p>\n","protected":false},"author":1,"featured_media":2380,"comment_status":"open","ping_status":"closed","sticky":false,"template":"","format":"standard","meta":{"_bbp_topic_count":0,"_bbp_reply_count":0,"_bbp_total_topic_count":0,"_bbp_total_reply_count":0,"_bbp_voice_count":0,"_bbp_anonymous_reply_count":0,"_bbp_topic_count_hidden":0,"_bbp_reply_count_hidden":0,"_bbp_forum_subforum_count":0,"footnotes":""},"categories":[133,8],"tags":[],"class_list":["post-2379","post","type-post","status-publish","format-standard","has-post-thumbnail","hentry","category-curs-2018-2019","category-i4"],"post_mailing_queue_ids":[],"_links":{"self":[{"href":"https:\/\/agora.xtec.cat\/escolajaumeferraniclua\/wp-json\/wp\/v2\/posts\/2379","targetHints":{"allow":["GET"]}}],"collection":[{"href":"https:\/\/agora.xtec.cat\/escolajaumeferraniclua\/wp-json\/wp\/v2\/posts"}],"about":[{"href":"https:\/\/agora.xtec.cat\/escolajaumeferraniclua\/wp-json\/wp\/v2\/types\/post"}],"author":[{"embeddable":true,"href":"https:\/\/agora.xtec.cat\/escolajaumeferraniclua\/wp-json\/wp\/v2\/users\/1"}],"replies":[{"embeddable":true,"href":"https:\/\/agora.xtec.cat\/escolajaumeferraniclua\/wp-json\/wp\/v2\/comments?post=2379"}],"version-history":[{"count":2,"href":"https:\/\/agora.xtec.cat\/escolajaumeferraniclua\/wp-json\/wp\/v2\/posts\/2379\/revisions"}],"predecessor-version":[{"id":2555,"href":"https:\/\/agora.xtec.cat\/escolajaumeferraniclua\/wp-json\/wp\/v2\/posts\/2379\/revisions\/2555"}],"wp:featuredmedia":[{"embeddable":true,"href":"https:\/\/agora.xtec.cat\/escolajaumeferraniclua\/wp-json\/wp\/v2\/media\/2380"}],"wp:attachment":[{"href":"https:\/\/agora.xtec.cat\/escolajaumeferraniclua\/wp-json\/wp\/v2\/media?parent=2379"}],"wp:term":[{"taxonomy":"category","embeddable":true,"href":"https:\/\/agora.xtec.cat\/escolajaumeferraniclua\/wp-json\/wp\/v2\/categories?post=2379"},{"taxonomy":"post_tag","embeddable":true,"href":"https:\/\/agora.xtec.cat\/escolajaumeferraniclua\/wp-json\/wp\/v2\/tags?post=2379"}],"curies":[{"name":"wp","href":"https:\/\/api.w.org\/{rel}","templated":true}]}}