{"id":2233,"date":"2019-02-27T09:45:41","date_gmt":"2019-02-27T08:45:41","guid":{"rendered":"http:\/\/agora.xtec.cat\/escolajaumeferraniclua\/?p=2233"},"modified":"2019-09-06T10:35:54","modified_gmt":"2019-09-06T08:35:54","slug":"visita-de-1r-a-la-pedrera-i-el-park-guell","status":"publish","type":"post","link":"https:\/\/agora.xtec.cat\/escolajaumeferraniclua\/curs-2018-2019\/visita-de-1r-a-la-pedrera-i-el-park-guell\/","title":{"rendered":"VISITA DE 1r A LA PEDRERA I EL PARK G\u00dcELL"},"content":{"rendered":"<p>Durant la setmana cultural el cicle inicial treballar\u00e0 Gaud\u00ed. Per aquest motiu dilluns l\u2019alumnat de 1r de Prim\u00e0ria vam anar a visitar la Pedrera i el Park G\u00fcell. Vam poder descobrir moltes curiositats d\u2019aquest gran arquitecte catal\u00e0 i ens va encantar trobar semblances entre les seves obres i la elements de la natura. Va ser un gran dia!<\/p>\n<p style=\"text-align: center;\"><a href=\"https:\/\/photos.app.goo.gl\/oYr3hqHurfMgBvT3A\" target=\"_blank\" rel=\"noopener noreferrer\">FOTOS<\/a><\/p>\n","protected":false},"excerpt":{"rendered":"<p>Durant la setmana cultural el cicle inicial treballar\u00e0 Gaud\u00ed. Per aquest motiu dilluns l\u2019alumnat de 1r de Prim\u00e0ria vam anar a visitar la Pedrera i el Park G\u00fcell. Vam poder descobrir moltes curiositats d\u2019aquest gran arquitecte catal\u00e0 i ens va encantar trobar semblances entre les&hellip;  <a href=\"https:\/\/agora.xtec.cat\/escolajaumeferraniclua\/curs-2018-2019\/visita-de-1r-a-la-pedrera-i-el-park-guell\/\" title=\"Read VISITA DE 1r A LA PEDRERA I EL PARK G\u00dcELL\">Llegeix m\u00e9s\u00bb<\/a><\/p>\n","protected":false},"author":1,"featured_media":2234,"comment_status":"open","ping_status":"closed","sticky":false,"template":"","format":"standard","meta":{"_bbp_topic_count":0,"_bbp_reply_count":0,"_bbp_total_topic_count":0,"_bbp_total_reply_count":0,"_bbp_voice_count":0,"_bbp_anonymous_reply_count":0,"_bbp_topic_count_hidden":0,"_bbp_reply_count_hidden":0,"_bbp_forum_subforum_count":0,"footnotes":""},"categories":[133],"tags":[],"class_list":["post-2233","post","type-post","status-publish","format-standard","has-post-thumbnail","hentry","category-curs-2018-2019"],"post_mailing_queue_ids":[],"_links":{"self":[{"href":"https:\/\/agora.xtec.cat\/escolajaumeferraniclua\/wp-json\/wp\/v2\/posts\/2233","targetHints":{"allow":["GET"]}}],"collection":[{"href":"https:\/\/agora.xtec.cat\/escolajaumeferraniclua\/wp-json\/wp\/v2\/posts"}],"about":[{"href":"https:\/\/agora.xtec.cat\/escolajaumeferraniclua\/wp-json\/wp\/v2\/types\/post"}],"author":[{"embeddable":true,"href":"https:\/\/agora.xtec.cat\/escolajaumeferraniclua\/wp-json\/wp\/v2\/users\/1"}],"replies":[{"embeddable":true,"href":"https:\/\/agora.xtec.cat\/escolajaumeferraniclua\/wp-json\/wp\/v2\/comments?post=2233"}],"version-history":[{"count":2,"href":"https:\/\/agora.xtec.cat\/escolajaumeferraniclua\/wp-json\/wp\/v2\/posts\/2233\/revisions"}],"predecessor-version":[{"id":2600,"href":"https:\/\/agora.xtec.cat\/escolajaumeferraniclua\/wp-json\/wp\/v2\/posts\/2233\/revisions\/2600"}],"wp:featuredmedia":[{"embeddable":true,"href":"https:\/\/agora.xtec.cat\/escolajaumeferraniclua\/wp-json\/wp\/v2\/media\/2234"}],"wp:attachment":[{"href":"https:\/\/agora.xtec.cat\/escolajaumeferraniclua\/wp-json\/wp\/v2\/media?parent=2233"}],"wp:term":[{"taxonomy":"category","embeddable":true,"href":"https:\/\/agora.xtec.cat\/escolajaumeferraniclua\/wp-json\/wp\/v2\/categories?post=2233"},{"taxonomy":"post_tag","embeddable":true,"href":"https:\/\/agora.xtec.cat\/escolajaumeferraniclua\/wp-json\/wp\/v2\/tags?post=2233"}],"curies":[{"name":"wp","href":"https:\/\/api.w.org\/{rel}","templated":true}]}}