{"id":1313,"date":"2021-04-26T09:21:55","date_gmt":"2021-04-26T07:21:55","guid":{"rendered":"https:\/\/agora.xtec.cat\/escolajacharlierivel\/?p=1313"},"modified":"2025-11-24T09:48:21","modified_gmt":"2025-11-24T08:48:21","slug":"ajuts-menjador-i-transport-curs-2021-2022","status":"publish","type":"post","link":"https:\/\/agora.xtec.cat\/escolajacharlierivel\/general\/ajuts-menjador-i-transport-curs-2021-2022\/","title":{"rendered":"Ajuts menjador i transport, curs 2021-2022"},"content":{"rendered":"<p>Benvolgudes fam\u00edlies,<\/p>\n<p>us comuniquem que el Consell Comarcal del Garraf ha publicat la convocat\u00f2ria d&#8217;ajuts per a menjador i despla\u00e7ament pel pr\u00f2xim curs 2021-2022. Aqu\u00ed teniu un resum dels punts m\u00e9s importants:<\/p>\n<p>TERMINI: Del 3 al 28 de maig de 2021.<\/p>\n<p>TRAMITACI\u00d3:<\/p>\n<p>\u00b7 Telem\u00e0tica: cal que el pare, la mare o el tutor o tutora legal que faci el tr\u00e0mit tingui una eina d\u2019identificaci\u00f3 digital, com pot ser la T-CAT, el DNI electr\u00f2nic, el sistema Cl@ve o l\u2019IdCAT M\u00f2bil.<\/p>\n<p>\u00b7 Presencial: Si no es pot obtenir una identificaci\u00f3 digital, s\u2019ha d\u2019utilitzar la sol\u00b7licitud en suport inform\u00e0tic <strong>(la publicaran aviat)<\/strong> i contactar amb el Consell Comarcal del Garraf:<\/p>\n<p>Tel\u00e8fons: 938100400 (extensi\u00f3 2), 938100411, 938100402<\/p>\n<p>El termini per presentar-la ser\u00e0 del 10 al 28 de maig.<\/p>\n<p>PROCEDIMENT DEL TR\u00c0MIT:<\/p>\n<p>Es faran dos tr\u00e0mits:<\/p>\n<p>\u00b7 Simplificat- adre\u00e7at a totes les fam\u00edlies que van demanar l\u2019ajut al curs 2020-2021 i la unitat familiar no ha sofert cap canvi.<\/p>\n<p>\u00b7 Ordinari-per a totes les fam\u00edlies que sol\u00b7licitin l\u2019ajut per primer cop i\/o han d\u2019adjuntar documentaci\u00f3 per canvi de situaci\u00f3 familiar o documentaci\u00f3 actualitzada.<\/p>\n<p>DOCUMENTACI\u00d3:<\/p>\n<p>En el cas de les fam\u00edlies que van demanar l\u2019ajut al curs 2020-2021, no han sofert canvis a la unitat familiar i la documentaci\u00f3 que disposa el Consell Comarcal est\u00e0 en vigor, no caldr\u00e0 aportar cap documentaci\u00f3.<\/p>\n<p>En el cas que les fam\u00edlies hagin d\u2019aportar documentaci\u00f3 si \u00e9s electr\u00f2nicament ha de ser en PDF i en el cas que sigui presencialment ha de ser original:<\/p>\n<p>\u00b7 DNI\/NIF\/PASSAPORT- de tots els membres de la unitat familiar. En el cas que un infant no en tingui cal aportar el llibre de fam\u00edlia.<\/p>\n<p>\u00b7 Sent\u00e8ncia de separaci\u00f3- si \u00e9s procedent.<\/p>\n<p>Teniu tota la informaci\u00f3, normativa, etc. al <a href=\"https:\/\/www.ccgarraf.cat\/pl132\/cataleg-de-serveis\/id16\/ajuts-menjador-transport-escolar.htm\" target=\"_blank\" rel=\"noopener noreferrer\">web del Consell Comarcal del Garraf<\/a>.<\/p>\n<p>La Direcci\u00f3<\/p>\n","protected":false},"excerpt":{"rendered":"<p>Benvolgudes fam\u00edlies, us comuniquem que el Consell Comarcal del Garraf ha publicat la convocat\u00f2ria d&#8217;ajuts per a menjador i despla\u00e7ament pel pr\u00f2xim curs 2021-2022. Aqu\u00ed teniu un resum dels punts m\u00e9s importants: TERMINI: Del 3 al 28 de maig de 2021. TRAMITACI\u00d3: \u00b7 Telem\u00e0tica: cal que el pare, la mare o el tutor o tutora [&hellip;]<\/p>\n","protected":false},"author":1,"featured_media":860,"comment_status":"closed","ping_status":"closed","sticky":false,"template":"","format":"standard","meta":{"_bbp_topic_count":0,"_bbp_reply_count":0,"_bbp_total_topic_count":0,"_bbp_total_reply_count":0,"_bbp_voice_count":0,"_bbp_anonymous_reply_count":0,"_bbp_topic_count_hidden":0,"_bbp_reply_count_hidden":0,"_bbp_forum_subforum_count":0,"site-sidebar-layout":"default","site-content-layout":"","ast-site-content-layout":"","site-content-style":"default","site-sidebar-style":"default","ast-global-header-display":"","ast-banner-title-visibility":"","ast-main-header-display":"","ast-hfb-above-header-display":"","ast-hfb-below-header-display":"","ast-hfb-mobile-header-display":"","site-post-title":"","ast-breadcrumbs-content":"","ast-featured-img":"","footer-sml-layout":"","theme-transparent-header-meta":"","adv-header-id-meta":"","stick-header-meta":"","header-above-stick-meta":"","header-main-stick-meta":"","header-below-stick-meta":"","astra-migrate-meta-layouts":"default","ast-page-background-enabled":"default","ast-page-background-meta":{"desktop":{"background-color":"var(--ast-global-color-4)","background-image":"","background-repeat":"repeat","background-position":"center center","background-size":"auto","background-attachment":"scroll","background-type":"","background-media":"","overlay-type":"","overlay-color":"","overlay-opacity":"","overlay-gradient":""},"tablet":{"background-color":"","background-image":"","background-repeat":"repeat","background-position":"center center","background-size":"auto","background-attachment":"scroll","background-type":"","background-media":"","overlay-type":"","overlay-color":"","overlay-opacity":"","overlay-gradient":""},"mobile":{"background-color":"","background-image":"","background-repeat":"repeat","background-position":"center center","background-size":"auto","background-attachment":"scroll","background-type":"","background-media":"","overlay-type":"","overlay-color":"","overlay-opacity":"","overlay-gradient":""}},"ast-content-background-meta":{"desktop":{"background-color":"var(--ast-global-color-5)","background-image":"","background-repeat":"repeat","background-position":"center center","background-size":"auto","background-attachment":"scroll","background-type":"","background-media":"","overlay-type":"","overlay-color":"","overlay-opacity":"","overlay-gradient":""},"tablet":{"background-color":"var(--ast-global-color-5)","background-image":"","background-repeat":"repeat","background-position":"center center","background-size":"auto","background-attachment":"scroll","background-type":"","background-media":"","overlay-type":"","overlay-color":"","overlay-opacity":"","overlay-gradient":""},"mobile":{"background-color":"var(--ast-global-color-5)","background-image":"","background-repeat":"repeat","background-position":"center center","background-size":"auto","background-attachment":"scroll","background-type":"","background-media":"","overlay-type":"","overlay-color":"","overlay-opacity":"","overlay-gradient":""}},"footnotes":""},"categories":[1,26],"tags":[],"class_list":["post-1313","post","type-post","status-publish","format-standard","has-post-thumbnail","hentry","category-general","category-secretaria"],"post_mailing_queue_ids":[],"_links":{"self":[{"href":"https:\/\/agora.xtec.cat\/escolajacharlierivel\/wp-json\/wp\/v2\/posts\/1313","targetHints":{"allow":["GET"]}}],"collection":[{"href":"https:\/\/agora.xtec.cat\/escolajacharlierivel\/wp-json\/wp\/v2\/posts"}],"about":[{"href":"https:\/\/agora.xtec.cat\/escolajacharlierivel\/wp-json\/wp\/v2\/types\/post"}],"author":[{"embeddable":true,"href":"https:\/\/agora.xtec.cat\/escolajacharlierivel\/wp-json\/wp\/v2\/users\/1"}],"replies":[{"embeddable":true,"href":"https:\/\/agora.xtec.cat\/escolajacharlierivel\/wp-json\/wp\/v2\/comments?post=1313"}],"version-history":[{"count":3,"href":"https:\/\/agora.xtec.cat\/escolajacharlierivel\/wp-json\/wp\/v2\/posts\/1313\/revisions"}],"predecessor-version":[{"id":1320,"href":"https:\/\/agora.xtec.cat\/escolajacharlierivel\/wp-json\/wp\/v2\/posts\/1313\/revisions\/1320"}],"wp:featuredmedia":[{"embeddable":true,"href":"https:\/\/agora.xtec.cat\/escolajacharlierivel\/wp-json\/wp\/v2\/media\/860"}],"wp:attachment":[{"href":"https:\/\/agora.xtec.cat\/escolajacharlierivel\/wp-json\/wp\/v2\/media?parent=1313"}],"wp:term":[{"taxonomy":"category","embeddable":true,"href":"https:\/\/agora.xtec.cat\/escolajacharlierivel\/wp-json\/wp\/v2\/categories?post=1313"},{"taxonomy":"post_tag","embeddable":true,"href":"https:\/\/agora.xtec.cat\/escolajacharlierivel\/wp-json\/wp\/v2\/tags?post=1313"}],"curies":[{"name":"wp","href":"https:\/\/api.w.org\/{rel}","templated":true}]}}