{"id":1296,"date":"2021-03-11T12:29:45","date_gmt":"2021-03-11T11:29:45","guid":{"rendered":"https:\/\/agora.xtec.cat\/escolajacharlierivel\/?p=1296"},"modified":"2025-11-24T09:48:22","modified_gmt":"2025-11-24T08:48:22","slug":"assessorament-a-les-families-preinscripcio-2021-2022","status":"publish","type":"post","link":"https:\/\/agora.xtec.cat\/escolajacharlierivel\/general\/assessorament-a-les-families-preinscripcio-2021-2022\/","title":{"rendered":"ASSESSORAMENT A LES FAM\u00cdLIES &#8211; PREINSCRIPCI\u00d3 2021-2022"},"content":{"rendered":"<p style=\"text-align: justify;\">Com ja sabreu, la preinscripci\u00f3 pel proper curs 2021-2022 a l&#8217;Educaci\u00f3 Infantil i a l&#8217;Educaci\u00f3 Prim\u00e0ria s&#8217;ha de fer obligat\u00f2riament en l\u00ednia del 15 al 24 de mar\u00e7. <strong>Excepcionalment<\/strong> i preveient que alguna fam\u00edlia no tingui els mitjans necessaris, o que per qualsevol altre motiu no li sigui possible fer la preinscripci\u00f3, l&#8217;escola ha elaborat un calendari de cita pr\u00e8via per ajudar-les.<\/p>\n<p style=\"text-align: justify;\">Podeu reservar dia i hora des d&#8217;aquest enlla\u00e7: <a href=\"https:\/\/aplicacions.gestioeducativa.gencat.cat\/pls\/apex\/f?p=CITA_PREVIA:4::::4:P4_TIPUS_CALENDARI,P4_DOMINI:01_Oblig,08016811\" target=\"_blank\" rel=\"noopener noreferrer\">Cita pr\u00e8via<\/a> o trucar a l&#8217;escola per demanar-la.<\/p>\n<p style=\"text-align: justify;\">La documentaci\u00f3 que haureu de portar <strong>obligat\u00f2riament<\/strong> el dia i hora que hagueu escollit \u00e9s la seg\u00fcent:<\/p>\n<ul style=\"text-align: justify;\">\n<li>DNI\/NIE\/Passaport de la mare, pare o tutor\/a legal que faci la sol\u00b7licitud. Si aquest document d&#8217;identitat no coincideix amb l&#8217;adre\u00e7a de la sol\u00b7licitud s&#8217;haur\u00e0 de portar el volant de conviv\u00e8ncia que facilita l&#8217;Ajuntament de Cubelles i que acredita que l&#8217;alumne\/a viu com a m\u00ednim amb la mare, pare o tutor\/a legal que fa la sol\u00b7licitud.<\/li>\n<li>DNI\/NIE\/Passaport de l&#8217;alumne si en t\u00e9.<\/li>\n<li>TSI <span style=\"font-family: inherit; font-size: 1em;\">(Targeta Sanit\u00e0ria Individual) <\/span>de l&#8217;alumne.<\/li>\n<li>Llibre de fam\u00edlia o altre document de filiaci\u00f3.<\/li>\n<li>Si es vol preinscriure un alumne que prov\u00e9 d&#8217;un altre centre de Catalunya cal portar el codi IDALU que li facilitar\u00e0 el centre escolar anterior.<\/li>\n<li>Si la fam\u00edlia al\u00b7lega la proximitat del centre de treball en comptes del domicili habitual haur\u00e0 de portar el contracte de treball, un certificat de l&#8217;empresa o si \u00e9s aut\u00f2nom\/a el model d&#8217;alta, baixa o modificaci\u00f3 de dades de l&#8217;Ag\u00e8ncia Tribut\u00e0ria.<\/li>\n<li>Si la fam\u00edlia al\u00b7lega que cobra la renda garantida haur\u00e0 de portar el certificat o resoluci\u00f3 del Departament de Treball, Afers Socials i Fam\u00edlia.<\/li>\n<li>Si la fam\u00edlia al\u00b7lega que un membre de la unitat familiar t\u00e9 una discapacitat igual o superior al 33% haur\u00e0 de portar el certificat o la targeta acreditativa de discapacitat que emet el Departament de Treball, Afers Socials i Fam\u00edlies o els organismes competents en altres comunitats aut\u00f2nomes. Tamb\u00e9 es pot adjuntar el document que acrediti ser beneficiari o benefici\u00e0ria d&#8217;una pensi\u00f3 d&#8217;incapacitat permanent de grau total o de gran invalidesa, o b\u00e9, quan sigui oport\u00fa, el corresponent certificat de les classes passives que tenen reconeguda una pensi\u00f3 de jubilaci\u00f3 o retir per incapacitat permanent per al servei o inutilitat.<\/li>\n<li>Si la fam\u00edlia al\u00b7lega que \u00e9s fam\u00edlia nombrosa caldr\u00e0 portar el carnet de fam\u00edlia nombrosa o fam\u00edlia monoparental.<\/li>\n<\/ul>\n<p style=\"text-align: justify;\">Tamb\u00e9 recomanem portar la <span style=\"font-family: inherit; font-size: 1em;\">TSI (Targeta Sanit\u00e0ria Individual) de la mare, pare o tutor\/a legal que faci la sol\u00b7licitud.<\/span><\/p>\n","protected":false},"excerpt":{"rendered":"<p>Com ja sabreu, la preinscripci\u00f3 pel proper curs 2021-2022 a l&#8217;Educaci\u00f3 Infantil i a l&#8217;Educaci\u00f3 Prim\u00e0ria s&#8217;ha de fer obligat\u00f2riament en l\u00ednia del 15 al 24 de mar\u00e7. Excepcionalment i preveient que alguna fam\u00edlia no tingui els mitjans necessaris, o que per qualsevol altre motiu no li sigui possible fer la preinscripci\u00f3, l&#8217;escola ha elaborat [&hellip;]<\/p>\n","protected":false},"author":1,"featured_media":0,"comment_status":"open","ping_status":"closed","sticky":false,"template":"","format":"standard","meta":{"_bbp_topic_count":0,"_bbp_reply_count":0,"_bbp_total_topic_count":0,"_bbp_total_reply_count":0,"_bbp_voice_count":0,"_bbp_anonymous_reply_count":0,"_bbp_topic_count_hidden":0,"_bbp_reply_count_hidden":0,"_bbp_forum_subforum_count":0,"site-sidebar-layout":"default","site-content-layout":"","ast-site-content-layout":"","site-content-style":"default","site-sidebar-style":"default","ast-global-header-display":"","ast-banner-title-visibility":"","ast-main-header-display":"","ast-hfb-above-header-display":"","ast-hfb-below-header-display":"","ast-hfb-mobile-header-display":"","site-post-title":"","ast-breadcrumbs-content":"","ast-featured-img":"","footer-sml-layout":"","theme-transparent-header-meta":"","adv-header-id-meta":"","stick-header-meta":"","header-above-stick-meta":"","header-main-stick-meta":"","header-below-stick-meta":"","astra-migrate-meta-layouts":"default","ast-page-background-enabled":"default","ast-page-background-meta":{"desktop":{"background-color":"var(--ast-global-color-4)","background-image":"","background-repeat":"repeat","background-position":"center center","background-size":"auto","background-attachment":"scroll","background-type":"","background-media":"","overlay-type":"","overlay-color":"","overlay-opacity":"","overlay-gradient":""},"tablet":{"background-color":"","background-image":"","background-repeat":"repeat","background-position":"center center","background-size":"auto","background-attachment":"scroll","background-type":"","background-media":"","overlay-type":"","overlay-color":"","overlay-opacity":"","overlay-gradient":""},"mobile":{"background-color":"","background-image":"","background-repeat":"repeat","background-position":"center center","background-size":"auto","background-attachment":"scroll","background-type":"","background-media":"","overlay-type":"","overlay-color":"","overlay-opacity":"","overlay-gradient":""}},"ast-content-background-meta":{"desktop":{"background-color":"var(--ast-global-color-5)","background-image":"","background-repeat":"repeat","background-position":"center center","background-size":"auto","background-attachment":"scroll","background-type":"","background-media":"","overlay-type":"","overlay-color":"","overlay-opacity":"","overlay-gradient":""},"tablet":{"background-color":"var(--ast-global-color-5)","background-image":"","background-repeat":"repeat","background-position":"center center","background-size":"auto","background-attachment":"scroll","background-type":"","background-media":"","overlay-type":"","overlay-color":"","overlay-opacity":"","overlay-gradient":""},"mobile":{"background-color":"var(--ast-global-color-5)","background-image":"","background-repeat":"repeat","background-position":"center center","background-size":"auto","background-attachment":"scroll","background-type":"","background-media":"","overlay-type":"","overlay-color":"","overlay-opacity":"","overlay-gradient":""}},"footnotes":""},"categories":[1,26],"tags":[],"class_list":["post-1296","post","type-post","status-publish","format-standard","hentry","category-general","category-secretaria"],"post_mailing_queue_ids":[],"_links":{"self":[{"href":"https:\/\/agora.xtec.cat\/escolajacharlierivel\/wp-json\/wp\/v2\/posts\/1296","targetHints":{"allow":["GET"]}}],"collection":[{"href":"https:\/\/agora.xtec.cat\/escolajacharlierivel\/wp-json\/wp\/v2\/posts"}],"about":[{"href":"https:\/\/agora.xtec.cat\/escolajacharlierivel\/wp-json\/wp\/v2\/types\/post"}],"author":[{"embeddable":true,"href":"https:\/\/agora.xtec.cat\/escolajacharlierivel\/wp-json\/wp\/v2\/users\/1"}],"replies":[{"embeddable":true,"href":"https:\/\/agora.xtec.cat\/escolajacharlierivel\/wp-json\/wp\/v2\/comments?post=1296"}],"version-history":[{"count":3,"href":"https:\/\/agora.xtec.cat\/escolajacharlierivel\/wp-json\/wp\/v2\/posts\/1296\/revisions"}],"predecessor-version":[{"id":1299,"href":"https:\/\/agora.xtec.cat\/escolajacharlierivel\/wp-json\/wp\/v2\/posts\/1296\/revisions\/1299"}],"wp:attachment":[{"href":"https:\/\/agora.xtec.cat\/escolajacharlierivel\/wp-json\/wp\/v2\/media?parent=1296"}],"wp:term":[{"taxonomy":"category","embeddable":true,"href":"https:\/\/agora.xtec.cat\/escolajacharlierivel\/wp-json\/wp\/v2\/categories?post=1296"},{"taxonomy":"post_tag","embeddable":true,"href":"https:\/\/agora.xtec.cat\/escolajacharlierivel\/wp-json\/wp\/v2\/tags?post=1296"}],"curies":[{"name":"wp","href":"https:\/\/api.w.org\/{rel}","templated":true}]}}