{"id":22010,"date":"2026-04-30T15:30:38","date_gmt":"2026-04-30T13:30:38","guid":{"rendered":"https:\/\/agora.xtec.cat\/escolaisidremarti\/?p=22010"},"modified":"2026-04-30T15:37:07","modified_gmt":"2026-04-30T13:37:07","slug":"final-xxii-certamen-escolar-baix-llobregat","status":"publish","type":"post","link":"https:\/\/agora.xtec.cat\/escolaisidremarti\/general\/final-xxii-certamen-escolar-baix-llobregat\/","title":{"rendered":"Final XXII Certamen escolar \u2013 Baix Llobregat"},"content":{"rendered":"<p data-start=\"80\" data-end=\"349\">Aquest dimecres, 29 d\u2019abril, s\u2019ha celebrat a Barcelona la final del <strong>Certamen Escolar de Lectura en Veu Alta<\/strong>. El concurs t\u00e9 com a objectiu fomentar el gust per la lectura entre els nens i nenes de prim\u00e0ria, promovent tamb\u00e9 l\u2019expressi\u00f3 oral i la comprensi\u00f3 lectora.<\/p>\n<p data-start=\"356\" data-end=\"518\">Ens plau comunicar que la nostra alumna <strong>Isabel Garc\u00eda<\/strong> ha estat guardonada amb el premi en la categoria Timoners. Moltes felicitats per aquest gran \u00e8xit!<\/p>\n<p data-start=\"356\" data-end=\"518\"><a href=\"https:\/\/agora.xtec.cat\/escolaisidremarti\/wp-content\/uploads\/usu648\/2026\/04\/Isabel.png\"><img loading=\"lazy\" decoding=\"async\" class=\"alignnone size-full wp-image-22011\" src=\"https:\/\/agora.xtec.cat\/escolaisidremarti\/wp-content\/uploads\/usu648\/2026\/04\/Isabel.png\" alt=\"\" width=\"589\" height=\"646\" srcset=\"https:\/\/agora.xtec.cat\/escolaisidremarti\/wp-content\/uploads\/usu648\/2026\/04\/Isabel.png 589w, https:\/\/agora.xtec.cat\/escolaisidremarti\/wp-content\/uploads\/usu648\/2026\/04\/Isabel-274x300.png 274w\" sizes=\"auto, (max-width: 589px) 100vw, 589px\" \/><\/a><\/p>\n","protected":false},"excerpt":{"rendered":"<p>Aquest dimecres, 29 d\u2019abril, s\u2019ha celebrat a Barcelona la final del Certamen Escolar de Lectura en Veu Alta. El concurs t\u00e9 com a objectiu fomentar el gust per la lectura entre els nens i nenes de prim\u00e0ria, promovent tamb\u00e9 l\u2019expressi\u00f3 oral i la comprensi\u00f3 lectora.<br \/>\nEns&hellip;  <a href=\"https:\/\/agora.xtec.cat\/escolaisidremarti\/general\/final-xxii-certamen-escolar-baix-llobregat\/\" title=\"Read Final XXII Certamen escolar \u2013 Baix Llobregat\">Llegeix m\u00e9s\u00bb<\/a><\/p>\n","protected":false},"author":1,"featured_media":0,"comment_status":"open","ping_status":"open","sticky":false,"template":"","format":"standard","meta":{"_bbp_topic_count":0,"_bbp_reply_count":0,"_bbp_total_topic_count":0,"_bbp_total_reply_count":0,"_bbp_voice_count":0,"_bbp_anonymous_reply_count":0,"_bbp_topic_count_hidden":0,"_bbp_reply_count_hidden":0,"_bbp_forum_subforum_count":0,"footnotes":""},"categories":[61,1,4],"tags":[247,246,248],"class_list":["post-22010","post","type-post","status-publish","format-standard","hentry","category-esplugues","category-general","category-portada","tag-3rcicle","tag-clva","tag-escolapublica"],"post_mailing_queue_ids":[],"_links":{"self":[{"href":"https:\/\/agora.xtec.cat\/escolaisidremarti\/wp-json\/wp\/v2\/posts\/22010","targetHints":{"allow":["GET"]}}],"collection":[{"href":"https:\/\/agora.xtec.cat\/escolaisidremarti\/wp-json\/wp\/v2\/posts"}],"about":[{"href":"https:\/\/agora.xtec.cat\/escolaisidremarti\/wp-json\/wp\/v2\/types\/post"}],"author":[{"embeddable":true,"href":"https:\/\/agora.xtec.cat\/escolaisidremarti\/wp-json\/wp\/v2\/users\/1"}],"replies":[{"embeddable":true,"href":"https:\/\/agora.xtec.cat\/escolaisidremarti\/wp-json\/wp\/v2\/comments?post=22010"}],"version-history":[{"count":2,"href":"https:\/\/agora.xtec.cat\/escolaisidremarti\/wp-json\/wp\/v2\/posts\/22010\/revisions"}],"predecessor-version":[{"id":22013,"href":"https:\/\/agora.xtec.cat\/escolaisidremarti\/wp-json\/wp\/v2\/posts\/22010\/revisions\/22013"}],"wp:attachment":[{"href":"https:\/\/agora.xtec.cat\/escolaisidremarti\/wp-json\/wp\/v2\/media?parent=22010"}],"wp:term":[{"taxonomy":"category","embeddable":true,"href":"https:\/\/agora.xtec.cat\/escolaisidremarti\/wp-json\/wp\/v2\/categories?post=22010"},{"taxonomy":"post_tag","embeddable":true,"href":"https:\/\/agora.xtec.cat\/escolaisidremarti\/wp-json\/wp\/v2\/tags?post=22010"}],"curies":[{"name":"wp","href":"https:\/\/api.w.org\/{rel}","templated":true}]}}