{"id":22004,"date":"2026-04-30T15:52:35","date_gmt":"2026-04-30T13:52:35","guid":{"rendered":"https:\/\/agora.xtec.cat\/escolaisidremarti\/?p=22004"},"modified":"2026-04-30T15:52:36","modified_gmt":"2026-04-30T13:52:36","slug":"sant-jordi-a-lescola-cultura-art-i-festa","status":"publish","type":"post","link":"https:\/\/agora.xtec.cat\/escolaisidremarti\/portada\/sant-jordi-a-lescola-cultura-art-i-festa\/","title":{"rendered":"SANT JORDI A L&#8217;ESCOLA: cultura, art i festa"},"content":{"rendered":"<p>El passat dijous 23 d\u2019abril vam celebrar a l\u2019escola la Diada de Sant Jordi amb un munt d\u2019activitats plenes de creativitat i il\u00b7lusi\u00f3.<\/p>\n<p>Durant tot el dia, tots els cicles van participar en tallers relacionats amb la Diada: elaboraci\u00f3 de titelles, punts de llibre, rajoles, vitralls i moltes altres propostes art\u00edstiques. Cal destacar especialment el gran drac que han creat els nens i les nenes de 1r que penja del sostre del passad\u00eds de l\u2019edifici de 1r cicle i \u00e9s realment espectacular!<\/p>\n<p>Els nens i les nenes de 2n, com ja \u00e9s tradici\u00f3, van representar la &#8220;Llegenda de Sant Jordi&#8221; per a tots els infants de l\u2019escola i tamb\u00e9 per a les fam\u00edlies de 2n. Enhorabona als actors i actrius, perqu\u00e8 ho van fer molt b\u00e9 i ens van fer gaudir d\u2019una representaci\u00f3 fant\u00e0stica.<\/p>\n<p>D\u2019altra banda, l\u2019alumnat de 3r, 4t, 5\u00e8 i 6\u00e8 va sortir a visitar les paradetes de Sant Jordi ubicades a la pla\u00e7a Catalunya d\u2019Esplugues, vivint de prop l\u2019ambient d\u2019aquesta diada tan especial.<\/p>\n<p>A la tarda, vam celebrar els Jocs Florals de l\u2019escola. Es van lliurar els premis del concurs literari i tamb\u00e9 els del concurs de dibuix, adre\u00e7at de 1r a 4t, que aquest any tenia com a tem\u00e0tica \u201cUn Sant Jordi a l\u2019espai\u201d, en el marc del projecte d\u2019escola d\u2019enguany.<\/p>\n<p>Pel que fa als cursos de 5\u00e8 i 6\u00e8, es van entregar els premis del concurs de fotografia matem\u00e0tica, amb propostes molt originals i creatives.<\/p>\n<p>I, com no podia faltar, la jornada es va completar amb els balls tradicionals. Els nens i les nenes d\u2019EI5 van ballar \u201cVolta cap aqu\u00ed\u201d, els de 4t van fer \u201cEl ball de nans\u201d amb els capgrossos de l\u2019escola (l\u2019Isi, la Tina, la Pipa i en Pajarraco), i per acabar, els nois i les noies de 6\u00e8 van interpretar el tradicional Ball de bastons. Tots i totes ho van fer molt i molt b\u00e9!<\/p>\n<p>A m\u00e9s, l\u2019AFA tamb\u00e9 va organitzar un concurs de manualitats amb material reciclat.<\/p>\n<p>Sens dubte, va ser una jornada plena d\u2019activitats, cultura i conviv\u00e8ncia que ens va permetre gaudir junts d\u2019una de les festes m\u00e9s estimades del nostre calendari.<\/p>\n<p>Un Sant Jordi m\u00e9s per recordar!<\/p>\n<p><strong><a href=\"https:\/\/canva.link\/5cea6i5jutm4vh9\">CLICA AQU\u00cd PER VEURE EL V\u00cdDEO<\/a><\/strong><\/p>\n","protected":false},"excerpt":{"rendered":"<p>El passat dijous 23 d\u2019abril vam celebrar a l\u2019escola la Diada de Sant Jordi amb un munt d\u2019activitats plenes de creativitat i il\u00b7lusi\u00f3.<br \/>\nDurant tot el dia, tots els cicles van participar en tallers relacionats amb la Diada: elaboraci\u00f3 de titelles, punts de llibre, rajoles, vitralls&hellip;  <a href=\"https:\/\/agora.xtec.cat\/escolaisidremarti\/portada\/sant-jordi-a-lescola-cultura-art-i-festa\/\" title=\"Read SANT JORDI A L&#8217;ESCOLA: cultura, art i festa\">Llegeix m\u00e9s\u00bb<\/a><\/p>\n","protected":false},"author":16,"featured_media":0,"comment_status":"open","ping_status":"open","sticky":false,"template":"","format":"standard","meta":{"_bbp_topic_count":0,"_bbp_reply_count":0,"_bbp_total_topic_count":0,"_bbp_total_reply_count":0,"_bbp_voice_count":0,"_bbp_anonymous_reply_count":0,"_bbp_topic_count_hidden":0,"_bbp_reply_count_hidden":0,"_bbp_forum_subforum_count":0,"footnotes":""},"categories":[4],"tags":[],"class_list":["post-22004","post","type-post","status-publish","format-standard","hentry","category-portada"],"post_mailing_queue_ids":[],"_links":{"self":[{"href":"https:\/\/agora.xtec.cat\/escolaisidremarti\/wp-json\/wp\/v2\/posts\/22004","targetHints":{"allow":["GET"]}}],"collection":[{"href":"https:\/\/agora.xtec.cat\/escolaisidremarti\/wp-json\/wp\/v2\/posts"}],"about":[{"href":"https:\/\/agora.xtec.cat\/escolaisidremarti\/wp-json\/wp\/v2\/types\/post"}],"author":[{"embeddable":true,"href":"https:\/\/agora.xtec.cat\/escolaisidremarti\/wp-json\/wp\/v2\/users\/16"}],"replies":[{"embeddable":true,"href":"https:\/\/agora.xtec.cat\/escolaisidremarti\/wp-json\/wp\/v2\/comments?post=22004"}],"version-history":[{"count":5,"href":"https:\/\/agora.xtec.cat\/escolaisidremarti\/wp-json\/wp\/v2\/posts\/22004\/revisions"}],"predecessor-version":[{"id":22009,"href":"https:\/\/agora.xtec.cat\/escolaisidremarti\/wp-json\/wp\/v2\/posts\/22004\/revisions\/22009"}],"wp:attachment":[{"href":"https:\/\/agora.xtec.cat\/escolaisidremarti\/wp-json\/wp\/v2\/media?parent=22004"}],"wp:term":[{"taxonomy":"category","embeddable":true,"href":"https:\/\/agora.xtec.cat\/escolaisidremarti\/wp-json\/wp\/v2\/categories?post=22004"},{"taxonomy":"post_tag","embeddable":true,"href":"https:\/\/agora.xtec.cat\/escolaisidremarti\/wp-json\/wp\/v2\/tags?post=22004"}],"curies":[{"name":"wp","href":"https:\/\/api.w.org\/{rel}","templated":true}]}}