{"id":21997,"date":"2026-04-22T18:05:56","date_gmt":"2026-04-22T16:05:56","guid":{"rendered":"https:\/\/agora.xtec.cat\/escolaisidremarti\/?p=21997"},"modified":"2026-04-22T18:05:56","modified_gmt":"2026-04-22T16:05:56","slug":"pedals-al-parc-5e","status":"publish","type":"post","link":"https:\/\/agora.xtec.cat\/escolaisidremarti\/general\/pedals-al-parc-5e\/","title":{"rendered":"Pedals al parc 5\u00e8"},"content":{"rendered":"<p align=\"justify\"><span style=\"font-family: Arial, sans-serif;\">Dijous passat, 16 d\u2019abril, els alumnes de 5\u00e8 de l\u2019escola van participar en l\u2019activitat <\/span><strong><span style=\"font-family: Arial, sans-serif;\">\u201cPedals al parc\u201d<\/span><\/strong><span style=\"font-family: Arial, sans-serif;\"> al Parc Ciclista del Llobregat.<\/span><\/p>\n<p align=\"justify\"><span style=\"font-family: Arial, sans-serif;\">Durant la jornada, van realitzar diferents estacions relacionades amb el m\u00f3n de la bicicleta. Van aprendre les parts de la bicicleta, una mica del seu funcionament i tamb\u00e9 alguns aspectes b\u00e0sics de mec\u00e0nica.<\/span><\/p>\n<p align=\"justify\"><span style=\"font-family: Arial, sans-serif;\">A m\u00e9s, van gaudir de jocs\u00a0divertits, com el tres en ratlla sobre rodes, i van poder posar en pr\u00e0ctica les seves habilitats al circuit que ofereix el parc ciclista. En una part del recorregut, hi havia cons per fer-lo una mica m\u00e9s exigent i treballar millor el control de la bicicleta.<\/span><\/p>\n<p align=\"justify\"><span style=\"font-family: Arial, sans-serif;\">Ben equipats amb el casc i amb moltes ganes de passar-ho b\u00e9, els alumnes van gaudir molt d\u2019aquesta experi\u00e8ncia esportiva i educativa.<\/span><\/p>\n<p align=\"justify\"><strong><span style=\"font-family: Arial, sans-serif;\"><a href=\"https:\/\/canva.link\/y3tl9yn76xfhxzp\">CLICA AQU\u00cd PER VEURE EL V\u00cdDEO<\/a><\/span><\/strong><\/p>\n","protected":false},"excerpt":{"rendered":"<p>Dijous passat, 16 d\u2019abril, els alumnes de 5\u00e8 de l\u2019escola van participar en l\u2019activitat \u201cPedals al parc\u201d al Parc Ciclista del Llobregat.<br \/>\nDurant la jornada, van realitzar diferents estacions relacionades amb el m\u00f3n de la bicicleta. Van aprendre les parts de la bicicleta, una mica del&hellip;  <a href=\"https:\/\/agora.xtec.cat\/escolaisidremarti\/general\/pedals-al-parc-5e\/\" title=\"Read Pedals al parc 5\u00e8\">Llegeix m\u00e9s\u00bb<\/a><\/p>\n","protected":false},"author":16,"featured_media":0,"comment_status":"open","ping_status":"open","sticky":false,"template":"","format":"standard","meta":{"_bbp_topic_count":0,"_bbp_reply_count":0,"_bbp_total_topic_count":0,"_bbp_total_reply_count":0,"_bbp_voice_count":0,"_bbp_anonymous_reply_count":0,"_bbp_topic_count_hidden":0,"_bbp_reply_count_hidden":0,"_bbp_forum_subforum_count":0,"footnotes":""},"categories":[142,165,1,4],"tags":[],"class_list":["post-21997","post","type-post","status-publish","format-standard","hentry","category-5e","category-educacio-fisica","category-general","category-portada"],"post_mailing_queue_ids":[],"_links":{"self":[{"href":"https:\/\/agora.xtec.cat\/escolaisidremarti\/wp-json\/wp\/v2\/posts\/21997","targetHints":{"allow":["GET"]}}],"collection":[{"href":"https:\/\/agora.xtec.cat\/escolaisidremarti\/wp-json\/wp\/v2\/posts"}],"about":[{"href":"https:\/\/agora.xtec.cat\/escolaisidremarti\/wp-json\/wp\/v2\/types\/post"}],"author":[{"embeddable":true,"href":"https:\/\/agora.xtec.cat\/escolaisidremarti\/wp-json\/wp\/v2\/users\/16"}],"replies":[{"embeddable":true,"href":"https:\/\/agora.xtec.cat\/escolaisidremarti\/wp-json\/wp\/v2\/comments?post=21997"}],"version-history":[{"count":1,"href":"https:\/\/agora.xtec.cat\/escolaisidremarti\/wp-json\/wp\/v2\/posts\/21997\/revisions"}],"predecessor-version":[{"id":21998,"href":"https:\/\/agora.xtec.cat\/escolaisidremarti\/wp-json\/wp\/v2\/posts\/21997\/revisions\/21998"}],"wp:attachment":[{"href":"https:\/\/agora.xtec.cat\/escolaisidremarti\/wp-json\/wp\/v2\/media?parent=21997"}],"wp:term":[{"taxonomy":"category","embeddable":true,"href":"https:\/\/agora.xtec.cat\/escolaisidremarti\/wp-json\/wp\/v2\/categories?post=21997"},{"taxonomy":"post_tag","embeddable":true,"href":"https:\/\/agora.xtec.cat\/escolaisidremarti\/wp-json\/wp\/v2\/tags?post=21997"}],"curies":[{"name":"wp","href":"https:\/\/api.w.org\/{rel}","templated":true}]}}