{"id":21982,"date":"2026-04-20T15:00:57","date_gmt":"2026-04-20T13:00:57","guid":{"rendered":"https:\/\/agora.xtec.cat\/escolaisidremarti\/?p=21982"},"modified":"2026-04-19T21:12:11","modified_gmt":"2026-04-19T19:12:11","slug":"grups-flexibles-de-matematiques-a-4t","status":"publish","type":"post","link":"https:\/\/agora.xtec.cat\/escolaisidremarti\/general\/grups-flexibles-de-matematiques-a-4t\/","title":{"rendered":"Grups flexibles de matem\u00e0tiques a 4t"},"content":{"rendered":"<p><span style=\"font-weight: 400\">Treballem les matem\u00e0tiques amb grups flexibles, una metodologia que fomenta la participaci\u00f3 activa i permet atendre els diferents ritmes d\u2019aprenentatge de l\u2019alumnat.<\/span><\/p>\n<p><span style=\"font-weight: 400\">A 4t al llarg del curs aprofundim en la mesura i la geometria mitjan\u00e7ant grups redu\u00efts, que faciliten un acompanyament m\u00e9s proper i personalitzat. Utilitzem material manipulatiu com a eina clau per construir els aprenentatges: tocar, experimentar i investigar ens ajuda a comprendre els conceptes de manera pr\u00e0ctica, significativa i vivencial.<\/span><\/p>\n<p><span style=\"font-weight: 400\">Aquesta manera de treballar afavoreix que l\u2019alumnat visqui les matem\u00e0tiques de forma activa, motivadora i amb sentit, connectant els continguts amb situacions reals i quotidianes.<\/span><\/p>\n<p><span style=\"font-weight: 400\">A continuaci\u00f3 podeu veure una mostra d\u2019imatges de les sessions.<\/span><\/p>\n\r\n\t<div class=\"slideshow_container slideshow_container_style-light\" style=\" \" data-slideshow-id=\"21983\" data-style-name=\"style-light\" data-style-version=\"2.3.1\" >\r\n\r\n\t\t\t\t\t<div class=\"slideshow_loading_icon\"><\/div>\r\n\t\t\r\n\t\t<div class=\"slideshow_content\" style=\"display: none;\">\r\n\r\n\t\t\t<div class=\"slideshow_view\">\r\n\t\t\t\t<div class=\"slideshow_slide slideshow_slide_image\">\r\n\t\t\t\t\t\t\t\t\t\t\t<img src=\"https:\/\/agora.xtec.cat\/escolaisidremarti\/wp-content\/uploads\/usu648\/2026\/04\/PHOTO-2025-11-19-14-13-55.jpg\" alt=\"PHOTO-2025-11-19-14-13-55\" width=\"2048\" height=\"1536\" \/>\r\n\t\t\t\t\t\t\t\t\t\t<div class=\"slideshow_description_box slideshow_transparent\">\r\n\t\t\t\t\t\t<div class=\"slideshow_title\">PHOTO-2025-11-19-14-13-55<\/div>\t\t\t\t\t\t\t\t\t\t\t<\/div>\r\n\t\t\t\t<\/div>\r\n\r\n\t\t\t\t\t\t<div style=\"clear: both;\"><\/div><\/div><div class=\"slideshow_view\">\r\n\t\t\t\t<div class=\"slideshow_slide slideshow_slide_image\">\r\n\t\t\t\t\t\t\t\t\t\t\t<img src=\"https:\/\/agora.xtec.cat\/escolaisidremarti\/wp-content\/uploads\/usu648\/2026\/04\/IMG_8864-rotated.jpeg\" alt=\"IMG_8864\" width=\"1512\" height=\"2016\" \/>\r\n\t\t\t\t\t\t\t\t\t\t<div class=\"slideshow_description_box slideshow_transparent\">\r\n\t\t\t\t\t\t<div class=\"slideshow_title\">IMG_8864<\/div>\t\t\t\t\t\t\t\t\t\t\t<\/div>\r\n\t\t\t\t<\/div>\r\n\r\n\t\t\t\t\t\t<div style=\"clear: both;\"><\/div><\/div><div class=\"slideshow_view\">\r\n\t\t\t\t<div class=\"slideshow_slide slideshow_slide_image\">\r\n\t\t\t\t\t\t\t\t\t\t\t<img src=\"https:\/\/agora.xtec.cat\/escolaisidremarti\/wp-content\/uploads\/usu648\/2026\/04\/IMG_8793.jpeg\" alt=\"IMG_8793\" width=\"1392\" height=\"1910\" \/>\r\n\t\t\t\t\t\t\t\t\t\t<div class=\"slideshow_description_box slideshow_transparent\">\r\n\t\t\t\t\t\t<div class=\"slideshow_title\">IMG_8793<\/div>\t\t\t\t\t\t\t\t\t\t\t<\/div>\r\n\t\t\t\t<\/div>\r\n\r\n\t\t\t\t\t\t<div style=\"clear: both;\"><\/div><\/div><div class=\"slideshow_view\">\r\n\t\t\t\t<div class=\"slideshow_slide slideshow_slide_image\">\r\n\t\t\t\t\t\t\t\t\t\t\t<img src=\"https:\/\/agora.xtec.cat\/escolaisidremarti\/wp-content\/uploads\/usu648\/2026\/04\/IMG_8433-rotated.jpeg\" alt=\"IMG_8433\" width=\"1512\" height=\"2016\" \/>\r\n\t\t\t\t\t\t\t\t\t\t<div class=\"slideshow_description_box slideshow_transparent\">\r\n\t\t\t\t\t\t<div class=\"slideshow_title\">IMG_8433<\/div>\t\t\t\t\t\t\t\t\t\t\t<\/div>\r\n\t\t\t\t<\/div>\r\n\r\n\t\t\t\t\t\t<div style=\"clear: both;\"><\/div><\/div><div class=\"slideshow_view\">\r\n\t\t\t\t<div class=\"slideshow_slide slideshow_slide_image\">\r\n\t\t\t\t\t\t\t\t\t\t\t<img src=\"https:\/\/agora.xtec.cat\/escolaisidremarti\/wp-content\/uploads\/usu648\/2026\/04\/IMG_8432-rotated.jpeg\" alt=\"IMG_8432\" width=\"1512\" height=\"2016\" \/>\r\n\t\t\t\t\t\t\t\t\t\t<div class=\"slideshow_description_box slideshow_transparent\">\r\n\t\t\t\t\t\t<div class=\"slideshow_title\">IMG_8432<\/div>\t\t\t\t\t\t\t\t\t\t\t<\/div>\r\n\t\t\t\t<\/div>\r\n\r\n\t\t\t\t\t\t<div style=\"clear: both;\"><\/div><\/div><div class=\"slideshow_view\">\r\n\t\t\t\t<div class=\"slideshow_slide slideshow_slide_image\">\r\n\t\t\t\t\t\t\t\t\t\t\t<img src=\"https:\/\/agora.xtec.cat\/escolaisidremarti\/wp-content\/uploads\/usu648\/2026\/04\/01312b06-8be8-4c61-be3c-7f466a83bae0.jpg\" alt=\"01312b06-8be8-4c61-be3c-7f466a83bae0\" width=\"960\" height=\"1280\" \/>\r\n\t\t\t\t\t\t\t\t\t\t<div class=\"slideshow_description_box slideshow_transparent\">\r\n\t\t\t\t\t\t<div class=\"slideshow_title\">01312b06-8be8-4c61-be3c-7f466a83bae0<\/div>\t\t\t\t\t\t\t\t\t\t\t<\/div>\r\n\t\t\t\t<\/div>\r\n\r\n\t\t\t\t\t\t<div style=\"clear: both;\"><\/div><\/div><div class=\"slideshow_view\">\r\n\t\t\t\t<div class=\"slideshow_slide slideshow_slide_image\">\r\n\t\t\t\t\t\t\t\t\t\t\t<img src=\"https:\/\/agora.xtec.cat\/escolaisidremarti\/wp-content\/uploads\/usu648\/2026\/04\/971e38e2-2433-4c30-baa7-5e3c65662d2a.jpg\" alt=\"971e38e2-2433-4c30-baa7-5e3c65662d2a\" width=\"960\" height=\"1280\" \/>\r\n\t\t\t\t\t\t\t\t\t\t<div class=\"slideshow_description_box slideshow_transparent\">\r\n\t\t\t\t\t\t<div class=\"slideshow_title\">971e38e2-2433-4c30-baa7-5e3c65662d2a<\/div>\t\t\t\t\t\t\t\t\t\t\t<\/div>\r\n\t\t\t\t<\/div>\r\n\r\n\t\t\t\t\t\t<div style=\"clear: both;\"><\/div><\/div><div class=\"slideshow_view\">\r\n\t\t\t\t<div class=\"slideshow_slide slideshow_slide_image\">\r\n\t\t\t\t\t\t\t\t\t\t\t<img src=\"https:\/\/agora.xtec.cat\/escolaisidremarti\/wp-content\/uploads\/usu648\/2026\/04\/517cffaf-996e-4b84-b61a-4022fdc99b22.jpg\" alt=\"517cffaf-996e-4b84-b61a-4022fdc99b22\" width=\"1200\" height=\"1600\" \/>\r\n\t\t\t\t\t\t\t\t\t\t<div class=\"slideshow_description_box slideshow_transparent\">\r\n\t\t\t\t\t\t<div class=\"slideshow_title\">517cffaf-996e-4b84-b61a-4022fdc99b22<\/div>\t\t\t\t\t\t\t\t\t\t\t<\/div>\r\n\t\t\t\t<\/div>\r\n\r\n\t\t\t\t\t\t<div style=\"clear: both;\"><\/div><\/div><div class=\"slideshow_view\">\r\n\t\t\t\t<div class=\"slideshow_slide slideshow_slide_image\">\r\n\t\t\t\t\t\t\t\t\t\t\t<img src=\"https:\/\/agora.xtec.cat\/escolaisidremarti\/wp-content\/uploads\/usu648\/2026\/04\/4b445799-2309-481f-9db8-6c3737a3f8ce.jpg\" alt=\"4b445799-2309-481f-9db8-6c3737a3f8ce\" width=\"960\" height=\"1280\" \/>\r\n\t\t\t\t\t\t\t\t\t\t<div class=\"slideshow_description_box slideshow_transparent\">\r\n\t\t\t\t\t\t<div class=\"slideshow_title\">4b445799-2309-481f-9db8-6c3737a3f8ce<\/div>\t\t\t\t\t\t\t\t\t\t\t<\/div>\r\n\t\t\t\t<\/div>\r\n\r\n\t\t\t\t\t\t<div style=\"clear: both;\"><\/div><\/div><div class=\"slideshow_view\">\r\n\t\t\t\t<div class=\"slideshow_slide slideshow_slide_image\">\r\n\t\t\t\t\t\t\t\t\t\t\t<img src=\"https:\/\/agora.xtec.cat\/escolaisidremarti\/wp-content\/uploads\/usu648\/2026\/04\/2e548ce0-8cdd-4ef0-94b5-9d64ccfd2d42.jpg\" alt=\"2e548ce0-8cdd-4ef0-94b5-9d64ccfd2d42\" width=\"1200\" height=\"1600\" \/>\r\n\t\t\t\t\t\t\t\t\t\t<div class=\"slideshow_description_box slideshow_transparent\">\r\n\t\t\t\t\t\t<div class=\"slideshow_title\">2e548ce0-8cdd-4ef0-94b5-9d64ccfd2d42<\/div>\t\t\t\t\t\t\t\t\t\t\t<\/div>\r\n\t\t\t\t<\/div>\r\n\r\n\t\t\t\t\t\t<div style=\"clear: both;\"><\/div><\/div><div class=\"slideshow_view\">\r\n\t\t\t\t<div class=\"slideshow_slide slideshow_slide_image\">\r\n\t\t\t\t\t\t\t\t\t\t\t<img src=\"https:\/\/agora.xtec.cat\/escolaisidremarti\/wp-content\/uploads\/usu648\/2026\/04\/IMG_0254-rotated.jpeg\" alt=\"IMG_0254\" width=\"1512\" height=\"2016\" \/>\r\n\t\t\t\t\t\t\t\t\t\t<div class=\"slideshow_description_box slideshow_transparent\">\r\n\t\t\t\t\t\t<div class=\"slideshow_title\">IMG_0254<\/div>\t\t\t\t\t\t\t\t\t\t\t<\/div>\r\n\t\t\t\t<\/div>\r\n\r\n\t\t\t\t\t\t<div style=\"clear: both;\"><\/div><\/div><div class=\"slideshow_view\">\r\n\t\t\t\t<div class=\"slideshow_slide slideshow_slide_image\">\r\n\t\t\t\t\t\t\t\t\t\t\t<img src=\"https:\/\/agora.xtec.cat\/escolaisidremarti\/wp-content\/uploads\/usu648\/2026\/04\/IMG_0252-rotated.jpeg\" alt=\"IMG_0252\" width=\"1512\" height=\"2016\" \/>\r\n\t\t\t\t\t\t\t\t\t\t<div class=\"slideshow_description_box slideshow_transparent\">\r\n\t\t\t\t\t\t<div class=\"slideshow_title\">IMG_0252<\/div>\t\t\t\t\t\t\t\t\t\t\t<\/div>\r\n\t\t\t\t<\/div>\r\n\r\n\t\t\t\t\t\t<div style=\"clear: both;\"><\/div><\/div>\r\n\t\t<\/div>\r\n\r\n\t\t<div class=\"slideshow_controlPanel slideshow_transparent\" style=\"display: none;\"><ul><li class=\"slideshow_togglePlay\" data-play-text=\"Visualitza\" data-pause-text=\"Pausa\"><\/li><\/ul><\/div>\r\n\r\n\t\t<div class=\"slideshow_button slideshow_previous slideshow_transparent\" role=\"button\" data-previous-text=\"Anterior\" style=\"display: none;\"><\/div>\r\n\t\t<div class=\"slideshow_button slideshow_next slideshow_transparent\" role=\"button\" data-next-text=\"Seg\u00fcent\" style=\"display: none;\"><\/div>\r\n\r\n\t\t<div class=\"slideshow_pagination\" style=\"display: none;\" data-go-to-text=\"V\u00e9s a la diapositiva\"><div class=\"slideshow_pagination_center\"><\/div><\/div>\r\n\r\n\t\t<!-- WordPress Slideshow Version 2.3.1 -->\r\n\r\n\t\t\t<\/div>\r\n\r\n\n","protected":false},"excerpt":{"rendered":"<p>Treballem les matem\u00e0tiques amb grups flexibles, una metodologia que fomenta la participaci\u00f3 activa i permet atendre els diferents ritmes d\u2019aprenentatge de l\u2019alumnat.<br \/>\nA 4t al llarg del curs aprofundim en la mesura i la geometria mitjan\u00e7ant grups redu\u00efts, que faciliten un acompanyament m\u00e9s proper i personalitzat.&hellip;  <a href=\"https:\/\/agora.xtec.cat\/escolaisidremarti\/general\/grups-flexibles-de-matematiques-a-4t\/\" title=\"Read Grups flexibles de matem\u00e0tiques a 4t\">Llegeix m\u00e9s\u00bb<\/a><\/p>\n","protected":false},"author":66,"featured_media":0,"comment_status":"open","ping_status":"open","sticky":false,"template":"","format":"standard","meta":{"_bbp_topic_count":0,"_bbp_reply_count":0,"_bbp_total_topic_count":0,"_bbp_total_reply_count":0,"_bbp_voice_count":0,"_bbp_anonymous_reply_count":0,"_bbp_topic_count_hidden":0,"_bbp_reply_count_hidden":0,"_bbp_forum_subforum_count":0,"footnotes":""},"categories":[179,180,1,178,4],"tags":[],"class_list":["post-21982","post","type-post","status-publish","format-standard","hentry","category-4t","category-cicle-mitja","category-general","category-matematiques","category-portada"],"post_mailing_queue_ids":[],"_links":{"self":[{"href":"https:\/\/agora.xtec.cat\/escolaisidremarti\/wp-json\/wp\/v2\/posts\/21982","targetHints":{"allow":["GET"]}}],"collection":[{"href":"https:\/\/agora.xtec.cat\/escolaisidremarti\/wp-json\/wp\/v2\/posts"}],"about":[{"href":"https:\/\/agora.xtec.cat\/escolaisidremarti\/wp-json\/wp\/v2\/types\/post"}],"author":[{"embeddable":true,"href":"https:\/\/agora.xtec.cat\/escolaisidremarti\/wp-json\/wp\/v2\/users\/66"}],"replies":[{"embeddable":true,"href":"https:\/\/agora.xtec.cat\/escolaisidremarti\/wp-json\/wp\/v2\/comments?post=21982"}],"version-history":[{"count":1,"href":"https:\/\/agora.xtec.cat\/escolaisidremarti\/wp-json\/wp\/v2\/posts\/21982\/revisions"}],"predecessor-version":[{"id":21996,"href":"https:\/\/agora.xtec.cat\/escolaisidremarti\/wp-json\/wp\/v2\/posts\/21982\/revisions\/21996"}],"wp:attachment":[{"href":"https:\/\/agora.xtec.cat\/escolaisidremarti\/wp-json\/wp\/v2\/media?parent=21982"}],"wp:term":[{"taxonomy":"category","embeddable":true,"href":"https:\/\/agora.xtec.cat\/escolaisidremarti\/wp-json\/wp\/v2\/categories?post=21982"},{"taxonomy":"post_tag","embeddable":true,"href":"https:\/\/agora.xtec.cat\/escolaisidremarti\/wp-json\/wp\/v2\/tags?post=21982"}],"curies":[{"name":"wp","href":"https:\/\/api.w.org\/{rel}","templated":true}]}}