{"id":21968,"date":"2026-04-20T10:00:15","date_gmt":"2026-04-20T08:00:15","guid":{"rendered":"https:\/\/agora.xtec.cat\/escolaisidremarti\/?p=21968"},"modified":"2026-04-17T10:58:21","modified_gmt":"2026-04-17T08:58:21","slug":"el-jardi-dels-recursos-aprenem-a-cuidar-el-nostre-entorn","status":"publish","type":"post","link":"https:\/\/agora.xtec.cat\/escolaisidremarti\/portada\/el-jardi-dels-recursos-aprenem-a-cuidar-el-nostre-entorn\/","title":{"rendered":"El jard\u00ed dels recursos: aprenem a cuidar el nostre entorn"},"content":{"rendered":"<p class=\"isSelectedEnd\">La setmana passada, els alumnes d\u2019I3 van participar en una activitat molt especial anomenada <em>\u201cEl jard\u00ed dels recursos\u201d <\/em>promoguda pel PAEC, una proposta educativa pensada per reflexionar sobre la import\u00e0ncia de cuidar el nostre planeta i fer un \u00fas responsable dels recursos naturals.<\/p>\n<p class=\"isSelectedEnd\">L\u2019activitat va comen\u00e7ar amb la visita de l\u2019Anna, que va explicar als infants, d\u2019una manera molt propera i entenedora, com \u00e9s d\u2019important no malbaratar <strong>recursos<\/strong> com l\u2019aigua, la llum o el paper. A trav\u00e9s d\u2019un <strong>conte<\/strong> participatiu, els nens i nenes han pogut intervenir, opinar i ajudar els personatges a prendre bones decisions: tancar l\u2019aixeta quan no cal, apagar els llums, reutilitzar materials i compartir amb els altres.<\/p>\n<p class=\"isSelectedEnd\">El conte ha estat una gran eina per fer-los protagonistes del seu propi aprenentatge, despertant la seva curiositat i fomentant valors com el respecte, la responsabilitat i la cooperaci\u00f3.<\/p>\n<p class=\"isSelectedEnd\">Per acabar l\u2019activitat, tots junts van <strong>crear un petit \u201cjard\u00ed dels recursos\u201d<\/strong>. Cada infant va aportar la seva part, construint un espai simb\u00f2lic que representa la import\u00e0ncia de cuidar el <strong>medi ambient i treballar en equip<\/strong>. Aquest jard\u00ed \u00e9s, a m\u00e9s, un record visual del comprom\u00eds que han adquirit: tenir cura del nostre entorn cada dia.<\/p>\n<p class=\"isSelectedEnd\">Ha estat una experi\u00e8ncia molt enriquidora i significativa que, sens dubte, continuar\u00e0 donant fruits en el dia a dia dels nostres alumnes.<\/p>\n<p>Gr\u00e0cies per la vostra col\u00b7laboraci\u00f3 des de casa per refor\u00e7ar aquests h\u00e0bits tan importants!<\/p>\n<p>&nbsp;<\/p>\n<p><a href=\"https:\/\/photos.app.goo.gl\/RbHQ3HVSRasoCh43A\"><img loading=\"lazy\" decoding=\"async\" class=\"wp-image-21980 aligncenter\" src=\"https:\/\/agora.xtec.cat\/escolaisidremarti\/wp-content\/uploads\/usu648\/2026\/04\/IMG_20260414_105846-1-1024x768.jpg\" alt=\"\" width=\"259\" height=\"194\" srcset=\"https:\/\/agora.xtec.cat\/escolaisidremarti\/wp-content\/uploads\/usu648\/2026\/04\/IMG_20260414_105846-1-1024x768.jpg 1024w, https:\/\/agora.xtec.cat\/escolaisidremarti\/wp-content\/uploads\/usu648\/2026\/04\/IMG_20260414_105846-1-300x225.jpg 300w, https:\/\/agora.xtec.cat\/escolaisidremarti\/wp-content\/uploads\/usu648\/2026\/04\/IMG_20260414_105846-1-768x576.jpg 768w, https:\/\/agora.xtec.cat\/escolaisidremarti\/wp-content\/uploads\/usu648\/2026\/04\/IMG_20260414_105846-1-1536x1152.jpg 1536w, https:\/\/agora.xtec.cat\/escolaisidremarti\/wp-content\/uploads\/usu648\/2026\/04\/IMG_20260414_105846-1-2048x1536.jpg 2048w, https:\/\/agora.xtec.cat\/escolaisidremarti\/wp-content\/uploads\/usu648\/2026\/04\/IMG_20260414_105846-1-200x150.jpg 200w\" sizes=\"auto, (max-width: 259px) 100vw, 259px\" \/><\/a><\/p>\n<p><!--a=1--><\/p>\n<p><!--a=1--><\/p>\n","protected":false},"excerpt":{"rendered":"<p>La setmana passada, els alumnes d\u2019I3 van participar en una activitat molt especial anomenada \u201cEl jard\u00ed dels recursos\u201d promoguda pel PAEC, una proposta educativa pensada per reflexionar sobre la import\u00e0ncia de cuidar el nostre planeta i fer un \u00fas responsable dels recursos naturals.<br \/>\nL\u2019activitat va comen\u00e7ar&hellip;  <a href=\"https:\/\/agora.xtec.cat\/escolaisidremarti\/portada\/el-jardi-dels-recursos-aprenem-a-cuidar-el-nostre-entorn\/\" title=\"Read El jard\u00ed dels recursos: aprenem a cuidar el nostre entorn\">Llegeix m\u00e9s\u00bb<\/a><\/p>\n","protected":false},"author":11,"featured_media":0,"comment_status":"open","ping_status":"open","sticky":false,"template":"","format":"standard","meta":{"_bbp_topic_count":0,"_bbp_reply_count":0,"_bbp_total_topic_count":0,"_bbp_total_reply_count":0,"_bbp_voice_count":0,"_bbp_anonymous_reply_count":0,"_bbp_topic_count_hidden":0,"_bbp_reply_count_hidden":0,"_bbp_forum_subforum_count":0,"footnotes":""},"categories":[145,186,61,143,188,4,144],"tags":[],"class_list":["post-21968","post","type-post","status-publish","format-standard","hentry","category-educacio-infantil","category-ei3","category-esplugues","category-llengua","category-medi","category-portada","category-valors"],"post_mailing_queue_ids":[],"_links":{"self":[{"href":"https:\/\/agora.xtec.cat\/escolaisidremarti\/wp-json\/wp\/v2\/posts\/21968","targetHints":{"allow":["GET"]}}],"collection":[{"href":"https:\/\/agora.xtec.cat\/escolaisidremarti\/wp-json\/wp\/v2\/posts"}],"about":[{"href":"https:\/\/agora.xtec.cat\/escolaisidremarti\/wp-json\/wp\/v2\/types\/post"}],"author":[{"embeddable":true,"href":"https:\/\/agora.xtec.cat\/escolaisidremarti\/wp-json\/wp\/v2\/users\/11"}],"replies":[{"embeddable":true,"href":"https:\/\/agora.xtec.cat\/escolaisidremarti\/wp-json\/wp\/v2\/comments?post=21968"}],"version-history":[{"count":3,"href":"https:\/\/agora.xtec.cat\/escolaisidremarti\/wp-json\/wp\/v2\/posts\/21968\/revisions"}],"predecessor-version":[{"id":21981,"href":"https:\/\/agora.xtec.cat\/escolaisidremarti\/wp-json\/wp\/v2\/posts\/21968\/revisions\/21981"}],"wp:attachment":[{"href":"https:\/\/agora.xtec.cat\/escolaisidremarti\/wp-json\/wp\/v2\/media?parent=21968"}],"wp:term":[{"taxonomy":"category","embeddable":true,"href":"https:\/\/agora.xtec.cat\/escolaisidremarti\/wp-json\/wp\/v2\/categories?post=21968"},{"taxonomy":"post_tag","embeddable":true,"href":"https:\/\/agora.xtec.cat\/escolaisidremarti\/wp-json\/wp\/v2\/tags?post=21968"}],"curies":[{"name":"wp","href":"https:\/\/api.w.org\/{rel}","templated":true}]}}