{"id":590,"date":"2016-02-04T20:27:45","date_gmt":"2016-02-04T19:27:45","guid":{"rendered":"http:\/\/blocs.xtec.cat\/pasetapaset\/?p=590"},"modified":"2016-09-18T10:36:53","modified_gmt":"2016-09-18T09:36:53","slug":"karaoke-musical","status":"publish","type":"post","link":"https:\/\/agora.xtec.cat\/escolaisaacperal\/general\/karaoke-musical\/","title":{"rendered":"Karaoke musical"},"content":{"rendered":"<p>Hola, en 2 de les sessions que tenim per treballar la lectura, ara estem fent un taller musical on cada un o per grups han de preparar-se una can\u00e7\u00f3 i cantar-la. Avui hem comen\u00e7at i us presentem la primera audici\u00f3 gravada. A mesura que gravem m\u00e9s audicions les anirem penjant.<\/p>\n<p><strong>Widad (Pablo Albor\u00e1n &#8211; Qui\u00e9n)<\/strong><\/p>\n<!--[if lt IE 9]><script>document.createElement('audio');<\/script><![endif]-->\n<audio class=\"wp-audio-shortcode\" id=\"audio-590-1\" preload=\"none\" style=\"width: 100%;\" controls=\"controls\"><source type=\"audio\/mpeg\" src=\"http:\/\/agora.xtec.cat\/escolaisaacperal\/wp-content\/uploads\/usu959\/2016\/02\/Widad-pablo-alboran-quien.mp3?_=1\" \/><a href=\"http:\/\/agora.xtec.cat\/escolaisaacperal\/wp-content\/uploads\/usu959\/2016\/02\/Widad-pablo-alboran-quien.mp3\">http:\/\/agora.xtec.cat\/escolaisaacperal\/wp-content\/uploads\/usu959\/2016\/02\/Widad-pablo-alboran-quien.mp3<\/a><\/audio>\n<p>&nbsp;<\/p>\n<p><strong>Judith i Isil (Lagarto Amarillo &#8211; Mi mundo ideal)<\/strong><\/p>\n<audio class=\"wp-audio-shortcode\" id=\"audio-590-2\" preload=\"none\" style=\"width: 100%;\" controls=\"controls\"><source type=\"audio\/mpeg\" src=\"http:\/\/agora.xtec.cat\/escolaisaacperal\/wp-content\/uploads\/usu959\/2016\/02\/Judith-i-Isil-Lagarto-Amarillo-Mi-mundo-ideal.mp3?_=2\" \/><a href=\"http:\/\/agora.xtec.cat\/escolaisaacperal\/wp-content\/uploads\/usu959\/2016\/02\/Judith-i-Isil-Lagarto-Amarillo-Mi-mundo-ideal.mp3\">http:\/\/agora.xtec.cat\/escolaisaacperal\/wp-content\/uploads\/usu959\/2016\/02\/Judith-i-Isil-Lagarto-Amarillo-Mi-mundo-ideal.mp3<\/a><\/audio>\n<p>&nbsp;<\/p>\n<p><strong>Irene, Ana i Jordina (Maldita Nerea &#8211; Buena energ\u00eda)<\/strong><\/p>\n<audio class=\"wp-audio-shortcode\" id=\"audio-590-3\" preload=\"none\" style=\"width: 100%;\" controls=\"controls\"><source type=\"audio\/mpeg\" src=\"http:\/\/agora.xtec.cat\/escolaisaacperal\/wp-content\/uploads\/usu959\/2016\/02\/Irene-Ana-i-Jordina-Maldita-Nerea-Buena-Energia.mp3?_=3\" \/><a href=\"http:\/\/agora.xtec.cat\/escolaisaacperal\/wp-content\/uploads\/usu959\/2016\/02\/Irene-Ana-i-Jordina-Maldita-Nerea-Buena-Energia.mp3\">http:\/\/agora.xtec.cat\/escolaisaacperal\/wp-content\/uploads\/usu959\/2016\/02\/Irene-Ana-i-Jordina-Maldita-Nerea-Buena-Energia.mp3<\/a><\/audio>\n<p>&nbsp;<\/p>\n<p><strong>Barbara, Karol, Carmen i Estefan\u00eda (Yandar &amp; Yostin &#8211; Te pintaron pajaritos)<\/strong><\/p>\n<audio class=\"wp-audio-shortcode\" id=\"audio-590-4\" preload=\"none\" style=\"width: 100%;\" controls=\"controls\"><source type=\"audio\/mpeg\" src=\"http:\/\/agora.xtec.cat\/escolaisaacperal\/wp-content\/uploads\/usu959\/2016\/02\/Barbara-Karol-Carmen-i-Estefania-Yandar-Yostin-Te-Pintaron-Pajaritos.mp3?_=4\" \/><a href=\"http:\/\/agora.xtec.cat\/escolaisaacperal\/wp-content\/uploads\/usu959\/2016\/02\/Barbara-Karol-Carmen-i-Estefania-Yandar-Yostin-Te-Pintaron-Pajaritos.mp3\">http:\/\/agora.xtec.cat\/escolaisaacperal\/wp-content\/uploads\/usu959\/2016\/02\/Barbara-Karol-Carmen-i-Estefania-Yandar-Yostin-Te-Pintaron-Pajaritos.mp3<\/a><\/audio>\n<p>&nbsp;<\/p>\n<p><strong>Malak (Malu &#8211; Blanco y Negro)<\/strong><\/p>\n<audio class=\"wp-audio-shortcode\" id=\"audio-590-5\" preload=\"none\" style=\"width: 100%;\" controls=\"controls\"><source type=\"audio\/mpeg\" src=\"http:\/\/agora.xtec.cat\/escolaisaacperal\/wp-content\/uploads\/usu959\/2016\/02\/Malak-Malu-Blanco-y-Negro.mp3?_=5\" \/><a href=\"http:\/\/agora.xtec.cat\/escolaisaacperal\/wp-content\/uploads\/usu959\/2016\/02\/Malak-Malu-Blanco-y-Negro.mp3\">http:\/\/agora.xtec.cat\/escolaisaacperal\/wp-content\/uploads\/usu959\/2016\/02\/Malak-Malu-Blanco-y-Negro.mp3<\/a><\/audio>\n<p>&nbsp;<\/p>\n<p><strong>Doaae i Lina (Eva Simons &#8211; Policeman)<\/strong><\/p>\n<audio class=\"wp-audio-shortcode\" id=\"audio-590-6\" preload=\"none\" style=\"width: 100%;\" controls=\"controls\"><source type=\"audio\/mpeg\" src=\"http:\/\/agora.xtec.cat\/escolaisaacperal\/wp-content\/uploads\/usu959\/2016\/02\/Doae-L.-i-Lina-Eva-Simons-Policeman.mp3?_=6\" \/><a href=\"http:\/\/agora.xtec.cat\/escolaisaacperal\/wp-content\/uploads\/usu959\/2016\/02\/Doae-L.-i-Lina-Eva-Simons-Policeman.mp3\">http:\/\/agora.xtec.cat\/escolaisaacperal\/wp-content\/uploads\/usu959\/2016\/02\/Doae-L.-i-Lina-Eva-Simons-Policeman.mp3<\/a><\/audio>\n<p>&nbsp;<\/p>\n<p><strong>Ziad (Nicky Jam &#8211; El Perd\u00f3n)<\/strong><\/p>\n<audio class=\"wp-audio-shortcode\" id=\"audio-590-7\" preload=\"none\" style=\"width: 100%;\" controls=\"controls\"><source type=\"audio\/mpeg\" src=\"http:\/\/agora.xtec.cat\/escolaisaacperal\/wp-content\/uploads\/usu959\/2016\/02\/Ziad-Nicky-Jam-El-Perd\u00f3n.mp3?_=7\" \/><a href=\"http:\/\/agora.xtec.cat\/escolaisaacperal\/wp-content\/uploads\/usu959\/2016\/02\/Ziad-Nicky-Jam-El-Perd\u00f3n.mp3\">http:\/\/agora.xtec.cat\/escolaisaacperal\/wp-content\/uploads\/usu959\/2016\/02\/Ziad-Nicky-Jam-El-Perd\u00f3n.mp3<\/a><\/audio>\n<p>&nbsp;<\/p>\n<p><strong>Carmen i Karol (James Arthur &#8211; Impossible)<\/strong><\/p>\n<audio class=\"wp-audio-shortcode\" id=\"audio-590-8\" preload=\"none\" style=\"width: 100%;\" controls=\"controls\"><source type=\"audio\/mpeg\" src=\"http:\/\/agora.xtec.cat\/escolaisaacperal\/wp-content\/uploads\/usu959\/2016\/02\/Carmen-Karol-james-arthur-impossible-.mp3?_=8\" \/><a href=\"http:\/\/agora.xtec.cat\/escolaisaacperal\/wp-content\/uploads\/usu959\/2016\/02\/Carmen-Karol-james-arthur-impossible-.mp3\">http:\/\/agora.xtec.cat\/escolaisaacperal\/wp-content\/uploads\/usu959\/2016\/02\/Carmen-Karol-james-arthur-impossible-.mp3<\/a><\/audio>\n","protected":false},"excerpt":{"rendered":"<p>Hola, en 2 de les sessions que tenim per treballar la lectura, ara estem fent un taller musical on cada un o per grups han de preparar-se una can\u00e7\u00f3 i cantar-la. Avui hem comen\u00e7at i us presentem la primera audici\u00f3 gravada. A mesura que gravem m\u00e9s audicions les anirem penjant. Widad (Pablo Albor\u00e1n &#8211; Qui\u00e9n) [&hellip;]<\/p>\n","protected":false},"author":1,"featured_media":0,"comment_status":"open","ping_status":"open","sticky":false,"template":"","format":"standard","meta":{"_bbp_topic_count":0,"_bbp_reply_count":0,"_bbp_total_topic_count":0,"_bbp_total_reply_count":0,"_bbp_voice_count":0,"_bbp_anonymous_reply_count":0,"_bbp_topic_count_hidden":0,"_bbp_reply_count_hidden":0,"_bbp_forum_subforum_count":0,"site-sidebar-layout":"default","site-content-layout":"","ast-site-content-layout":"","site-content-style":"default","site-sidebar-style":"default","ast-global-header-display":"","ast-banner-title-visibility":"","ast-main-header-display":"","ast-hfb-above-header-display":"","ast-hfb-below-header-display":"","ast-hfb-mobile-header-display":"","site-post-title":"","ast-breadcrumbs-content":"","ast-featured-img":"","footer-sml-layout":"","theme-transparent-header-meta":"","adv-header-id-meta":"","stick-header-meta":"","header-above-stick-meta":"","header-main-stick-meta":"","header-below-stick-meta":"","astra-migrate-meta-layouts":"default","ast-page-background-enabled":"default","ast-page-background-meta":{"desktop":{"background-color":"var(--ast-global-color-4)","background-image":"","background-repeat":"repeat","background-position":"center center","background-size":"auto","background-attachment":"scroll","background-type":"","background-media":"","overlay-type":"","overlay-color":"","overlay-opacity":"","overlay-gradient":""},"tablet":{"background-color":"","background-image":"","background-repeat":"repeat","background-position":"center center","background-size":"auto","background-attachment":"scroll","background-type":"","background-media":"","overlay-type":"","overlay-color":"","overlay-opacity":"","overlay-gradient":""},"mobile":{"background-color":"","background-image":"","background-repeat":"repeat","background-position":"center center","background-size":"auto","background-attachment":"scroll","background-type":"","background-media":"","overlay-type":"","overlay-color":"","overlay-opacity":"","overlay-gradient":""}},"ast-content-background-meta":{"desktop":{"background-color":"var(--ast-global-color-5)","background-image":"","background-repeat":"repeat","background-position":"center center","background-size":"auto","background-attachment":"scroll","background-type":"","background-media":"","overlay-type":"","overlay-color":"","overlay-opacity":"","overlay-gradient":""},"tablet":{"background-color":"var(--ast-global-color-5)","background-image":"","background-repeat":"repeat","background-position":"center center","background-size":"auto","background-attachment":"scroll","background-type":"","background-media":"","overlay-type":"","overlay-color":"","overlay-opacity":"","overlay-gradient":""},"mobile":{"background-color":"var(--ast-global-color-5)","background-image":"","background-repeat":"repeat","background-position":"center center","background-size":"auto","background-attachment":"scroll","background-type":"","background-media":"","overlay-type":"","overlay-color":"","overlay-opacity":"","overlay-gradient":""}},"footnotes":""},"categories":[1,5],"tags":[],"class_list":["post-590","post","type-post","status-publish","format-standard","hentry","category-general","category-primaria"],"post_mailing_queue_ids":[],"_links":{"self":[{"href":"https:\/\/agora.xtec.cat\/escolaisaacperal\/wp-json\/wp\/v2\/posts\/590","targetHints":{"allow":["GET"]}}],"collection":[{"href":"https:\/\/agora.xtec.cat\/escolaisaacperal\/wp-json\/wp\/v2\/posts"}],"about":[{"href":"https:\/\/agora.xtec.cat\/escolaisaacperal\/wp-json\/wp\/v2\/types\/post"}],"author":[{"embeddable":true,"href":"https:\/\/agora.xtec.cat\/escolaisaacperal\/wp-json\/wp\/v2\/users\/1"}],"replies":[{"embeddable":true,"href":"https:\/\/agora.xtec.cat\/escolaisaacperal\/wp-json\/wp\/v2\/comments?post=590"}],"version-history":[{"count":1,"href":"https:\/\/agora.xtec.cat\/escolaisaacperal\/wp-json\/wp\/v2\/posts\/590\/revisions"}],"predecessor-version":[{"id":3032,"href":"https:\/\/agora.xtec.cat\/escolaisaacperal\/wp-json\/wp\/v2\/posts\/590\/revisions\/3032"}],"wp:attachment":[{"href":"https:\/\/agora.xtec.cat\/escolaisaacperal\/wp-json\/wp\/v2\/media?parent=590"}],"wp:term":[{"taxonomy":"category","embeddable":true,"href":"https:\/\/agora.xtec.cat\/escolaisaacperal\/wp-json\/wp\/v2\/categories?post=590"},{"taxonomy":"post_tag","embeddable":true,"href":"https:\/\/agora.xtec.cat\/escolaisaacperal\/wp-json\/wp\/v2\/tags?post=590"}],"curies":[{"name":"wp","href":"https:\/\/api.w.org\/{rel}","templated":true}]}}