{"id":8279,"date":"2026-04-15T13:31:03","date_gmt":"2026-04-15T11:31:03","guid":{"rendered":"https:\/\/agora.xtec.cat\/escolaignasiiglesias\/?p=8279"},"modified":"2026-04-16T13:32:56","modified_gmt":"2026-04-16T11:32:56","slug":"cim-daligues-2n","status":"publish","type":"post","link":"https:\/\/agora.xtec.cat\/escolaignasiiglesias\/general\/cim-daligues-2n\/","title":{"rendered":"Cim d&#8217;\u00c0ligues 2n"},"content":{"rendered":"<p>Els grups de 2n han gaudit i apr\u00e8s molt de les aus rapinyaires a Cim d&#8217;\u00c0ligues a Sant Feliu de Codines.<\/p>\n<table style=\"border-collapse: collapse; width: 100%;\">\n<tbody>\n<tr>\n<td style=\"width: 50%;\"><img loading=\"lazy\" decoding=\"async\" class=\"aligncenter size-medium wp-image-8281\" src=\"https:\/\/agora.xtec.cat\/escolaignasiiglesias\/wp-content\/uploads\/usu712\/2026\/04\/WhatsApp-Image-2026-04-15-at-20.49.44-1-300x300.jpeg\" alt=\"\" width=\"300\" height=\"300\" srcset=\"https:\/\/agora.xtec.cat\/escolaignasiiglesias\/wp-content\/uploads\/usu712\/2026\/04\/WhatsApp-Image-2026-04-15-at-20.49.44-1-300x300.jpeg 300w, https:\/\/agora.xtec.cat\/escolaignasiiglesias\/wp-content\/uploads\/usu712\/2026\/04\/WhatsApp-Image-2026-04-15-at-20.49.44-1-1024x1024.jpeg 1024w, https:\/\/agora.xtec.cat\/escolaignasiiglesias\/wp-content\/uploads\/usu712\/2026\/04\/WhatsApp-Image-2026-04-15-at-20.49.44-1-150x150.jpeg 150w, https:\/\/agora.xtec.cat\/escolaignasiiglesias\/wp-content\/uploads\/usu712\/2026\/04\/WhatsApp-Image-2026-04-15-at-20.49.44-1-768x768.jpeg 768w, https:\/\/agora.xtec.cat\/escolaignasiiglesias\/wp-content\/uploads\/usu712\/2026\/04\/WhatsApp-Image-2026-04-15-at-20.49.44-1.jpeg 1440w\" sizes=\"auto, (max-width: 300px) 100vw, 300px\" \/><\/td>\n<td style=\"width: 50%;\"><img loading=\"lazy\" decoding=\"async\" class=\"aligncenter size-medium wp-image-8280\" src=\"https:\/\/agora.xtec.cat\/escolaignasiiglesias\/wp-content\/uploads\/usu712\/2026\/04\/WhatsApp-Image-2026-04-15-at-20.49.44-300x300.jpeg\" alt=\"\" width=\"300\" height=\"300\" srcset=\"https:\/\/agora.xtec.cat\/escolaignasiiglesias\/wp-content\/uploads\/usu712\/2026\/04\/WhatsApp-Image-2026-04-15-at-20.49.44-300x300.jpeg 300w, https:\/\/agora.xtec.cat\/escolaignasiiglesias\/wp-content\/uploads\/usu712\/2026\/04\/WhatsApp-Image-2026-04-15-at-20.49.44-1024x1024.jpeg 1024w, https:\/\/agora.xtec.cat\/escolaignasiiglesias\/wp-content\/uploads\/usu712\/2026\/04\/WhatsApp-Image-2026-04-15-at-20.49.44-150x150.jpeg 150w, https:\/\/agora.xtec.cat\/escolaignasiiglesias\/wp-content\/uploads\/usu712\/2026\/04\/WhatsApp-Image-2026-04-15-at-20.49.44-768x768.jpeg 768w, https:\/\/agora.xtec.cat\/escolaignasiiglesias\/wp-content\/uploads\/usu712\/2026\/04\/WhatsApp-Image-2026-04-15-at-20.49.44.jpeg 1440w\" sizes=\"auto, (max-width: 300px) 100vw, 300px\" \/><\/td>\n<\/tr>\n<\/tbody>\n<\/table>\n","protected":false},"excerpt":{"rendered":"<p>Els grups de 2n han gaudit i apr\u00e8s molt de les aus rapinyaires a Cim d&#8217;\u00c0ligues a Sant Feliu de Codines.<\/p>\n","protected":false},"author":4,"featured_media":8281,"comment_status":"closed","ping_status":"closed","sticky":false,"template":"","format":"standard","meta":{"_bbp_topic_count":0,"_bbp_reply_count":0,"_bbp_total_topic_count":0,"_bbp_total_reply_count":0,"_bbp_voice_count":0,"_bbp_anonymous_reply_count":0,"_bbp_topic_count_hidden":0,"_bbp_reply_count_hidden":0,"_bbp_forum_subforum_count":0,"footnotes":""},"categories":[1,4,5],"tags":[],"class_list":["post-8279","post","type-post","status-publish","format-standard","has-post-thumbnail","hentry","category-general","category-portada","category-primaria"],"post_mailing_queue_ids":[],"_links":{"self":[{"href":"https:\/\/agora.xtec.cat\/escolaignasiiglesias\/wp-json\/wp\/v2\/posts\/8279","targetHints":{"allow":["GET"]}}],"collection":[{"href":"https:\/\/agora.xtec.cat\/escolaignasiiglesias\/wp-json\/wp\/v2\/posts"}],"about":[{"href":"https:\/\/agora.xtec.cat\/escolaignasiiglesias\/wp-json\/wp\/v2\/types\/post"}],"author":[{"embeddable":true,"href":"https:\/\/agora.xtec.cat\/escolaignasiiglesias\/wp-json\/wp\/v2\/users\/4"}],"replies":[{"embeddable":true,"href":"https:\/\/agora.xtec.cat\/escolaignasiiglesias\/wp-json\/wp\/v2\/comments?post=8279"}],"version-history":[{"count":1,"href":"https:\/\/agora.xtec.cat\/escolaignasiiglesias\/wp-json\/wp\/v2\/posts\/8279\/revisions"}],"predecessor-version":[{"id":8282,"href":"https:\/\/agora.xtec.cat\/escolaignasiiglesias\/wp-json\/wp\/v2\/posts\/8279\/revisions\/8282"}],"wp:featuredmedia":[{"embeddable":true,"href":"https:\/\/agora.xtec.cat\/escolaignasiiglesias\/wp-json\/wp\/v2\/media\/8281"}],"wp:attachment":[{"href":"https:\/\/agora.xtec.cat\/escolaignasiiglesias\/wp-json\/wp\/v2\/media?parent=8279"}],"wp:term":[{"taxonomy":"category","embeddable":true,"href":"https:\/\/agora.xtec.cat\/escolaignasiiglesias\/wp-json\/wp\/v2\/categories?post=8279"},{"taxonomy":"post_tag","embeddable":true,"href":"https:\/\/agora.xtec.cat\/escolaignasiiglesias\/wp-json\/wp\/v2\/tags?post=8279"}],"curies":[{"name":"wp","href":"https:\/\/api.w.org\/{rel}","templated":true}]}}