{"id":6977,"date":"2017-12-12T16:22:14","date_gmt":"2017-12-12T15:22:14","guid":{"rendered":"http:\/\/agora.xtec.cat\/escolaguillemdeclaramunt\/?p=6977"},"modified":"2017-12-12T16:23:12","modified_gmt":"2017-12-12T15:23:12","slug":"entrevistem-al-pep","status":"publish","type":"post","link":"https:\/\/agora.xtec.cat\/escolaguillemdeclaramunt\/general\/entrevistem-al-pep\/","title":{"rendered":"ENTREVISTEM AL PEP"},"content":{"rendered":"<p>ENTREVISTA DELS \u201cCONILLETS\u201d AL PEP MALLAFR\u00c9, CAMPI\u00d3 DE TRIAL ALEV\u00cd+8 DE CATALUNYA<\/p>\n<p>Sara: Com saltes amb la moto?<br \/>\nPep: aperto el fr\u00e8 del dabant i aixeco la roda, amb el cos faig for\u00e7a i estiro per aixecar-la<br \/>\nKilian: De qu\u00e8 s\u00f3n aquestes copes? Quantes n\u2019has guanyat?<br \/>\nPep: La copa gran \u00e9s la de campi\u00f3 de Catalunya i l\u2019altra de que vaig ser el 1r d\u2019una altra carrera. He guanyat 31 premis.<br \/>\nLluc: Perqu\u00e8 portes guants?<br \/>\nPep: per qu\u00e8 si caic a terra no em peli les mans<br \/>\nNico: Les botes no tenen cordons! Com es lliguen?<br \/>\nPep: no tenen cordons per qu\u00e8 no se\u2019m enganxin a la moto. Es lliguen amb unes pinces.<br \/>\nAleix: Perqu\u00e8 portes casc?<br \/>\nPep: per protegir el cap i no em faci mal si caig i les ulleres s\u00f3n perqu\u00e8 no m\u2019entri pols als ulls.<br \/>\nArnau: Perqu\u00e8 no fa soroll la teva moto?<br \/>\nPep: \u00c9s una moto el\u00e8ctrica, no porta gasolina, i no fa fum ni t\u00e9 tub d\u2019escapament. T\u00e9 una bateria que es carrega amb un carregador que s\u2019endolla a la corrent i dura unes 4 hores.<br \/>\nLuca: Quan vas comen\u00e7ar a anar amb moto?<br \/>\nPep: tenia 2 o 3 anys. Ara en tinc 8, ja fa entre 5 i 6 anys que vaig amb moto. Ara soc de la categoria alev\u00ed +8<br \/>\nNil: On fas els entrenaments?<br \/>\nPep: al Ciumoto. \u00c9s un club de trial de les Borges del Camp.<br \/>\nLluc: Quants dies entrenes?<br \/>\nPep: tots els dies, unes 2 hores m\u00e9s o menys. A m\u00e9s a m\u00e9s tamb\u00e9 jugo a p\u00e0del i a futbol i faig bici de trial<br \/>\nIvette: Perqu\u00e8 les rodes tenen \u201cquadradets\u201d?<br \/>\nPep: Per a que no es punxin i per no relliscar.<br \/>\nBerta: perqu\u00e8 no t\u2019asseus a la moto?<br \/>\nPep: la moto no t\u00e9 sell\u00f3, no m\u2019assento perqu\u00e8 necessito estar de peu per fer els salts i sino el cul em rebotaria al saltar amb les pedres. Estic de peu i poso els peus als estreps.<br \/>\nLa moto no t\u00e9 matr\u00edcula, per\u00f2 porta un dorsal al manillar amb el n\u00famero 63, que \u00e9s el meu n\u00famero per competir mentre sigui alev\u00ed+8.<br \/>\nMarina: Qu\u00e8 \u00e9s un motxiller?<br \/>\nPep: \u00e9s la persona que va al teu costat i et recull si caus. El meu \u00e9s el meu pare, que tamb\u00e9 \u00e9s un dels meus entrenadors, en tinc 2.<br \/>\n<iframe loading=\"lazy\" width=\"560\" height=\"315\" src=\"https:\/\/www.youtube.com\/embed\/HolFLnk5SJI\" frameborder=\"0\" gesture=\"media\" allow=\"encrypted-media\" allowfullscreen><\/iframe><\/p>\n","protected":false},"excerpt":{"rendered":"<p>Els conillets de P4 fem el projecte de les motos i vam convidar al Pep Mallafr\u00e9 a la nostra classe.<\/p>\n","protected":false},"author":1,"featured_media":6978,"comment_status":"open","ping_status":"closed","sticky":false,"template":"","format":"standard","meta":{"_bbp_topic_count":0,"_bbp_reply_count":0,"_bbp_total_topic_count":0,"_bbp_total_reply_count":0,"_bbp_voice_count":0,"_bbp_anonymous_reply_count":0,"_bbp_topic_count_hidden":0,"_bbp_reply_count_hidden":0,"_bbp_forum_subforum_count":0,"site-sidebar-layout":"default","site-content-layout":"","ast-site-content-layout":"","site-content-style":"default","site-sidebar-style":"default","ast-global-header-display":"","ast-banner-title-visibility":"","ast-main-header-display":"","ast-hfb-above-header-display":"","ast-hfb-below-header-display":"","ast-hfb-mobile-header-display":"","site-post-title":"","ast-breadcrumbs-content":"","ast-featured-img":"","footer-sml-layout":"","theme-transparent-header-meta":"","adv-header-id-meta":"","stick-header-meta":"","header-above-stick-meta":"","header-main-stick-meta":"","header-below-stick-meta":"","astra-migrate-meta-layouts":"default","ast-page-background-enabled":"default","ast-page-background-meta":{"desktop":{"background-color":"var(--ast-global-color-4)","background-image":"","background-repeat":"repeat","background-position":"center center","background-size":"auto","background-attachment":"scroll","background-type":"","background-media":"","overlay-type":"","overlay-color":"","overlay-opacity":"","overlay-gradient":""},"tablet":{"background-color":"","background-image":"","background-repeat":"repeat","background-position":"center center","background-size":"auto","background-attachment":"scroll","background-type":"","background-media":"","overlay-type":"","overlay-color":"","overlay-opacity":"","overlay-gradient":""},"mobile":{"background-color":"","background-image":"","background-repeat":"repeat","background-position":"center center","background-size":"auto","background-attachment":"scroll","background-type":"","background-media":"","overlay-type":"","overlay-color":"","overlay-opacity":"","overlay-gradient":""}},"ast-content-background-meta":{"desktop":{"background-color":"var(--ast-global-color-5)","background-image":"","background-repeat":"repeat","background-position":"center center","background-size":"auto","background-attachment":"scroll","background-type":"","background-media":"","overlay-type":"","overlay-color":"","overlay-opacity":"","overlay-gradient":""},"tablet":{"background-color":"var(--ast-global-color-5)","background-image":"","background-repeat":"repeat","background-position":"center center","background-size":"auto","background-attachment":"scroll","background-type":"","background-media":"","overlay-type":"","overlay-color":"","overlay-opacity":"","overlay-gradient":""},"mobile":{"background-color":"var(--ast-global-color-5)","background-image":"","background-repeat":"repeat","background-position":"center center","background-size":"auto","background-attachment":"scroll","background-type":"","background-media":"","overlay-type":"","overlay-color":"","overlay-opacity":"","overlay-gradient":""}},"footnotes":""},"categories":[68,1],"tags":[],"class_list":["post-6977","post","type-post","status-publish","format-standard","has-post-thumbnail","hentry","category-els-conillets-p4","category-general"],"post_mailing_queue_ids":[],"_links":{"self":[{"href":"https:\/\/agora.xtec.cat\/escolaguillemdeclaramunt\/wp-json\/wp\/v2\/posts\/6977","targetHints":{"allow":["GET"]}}],"collection":[{"href":"https:\/\/agora.xtec.cat\/escolaguillemdeclaramunt\/wp-json\/wp\/v2\/posts"}],"about":[{"href":"https:\/\/agora.xtec.cat\/escolaguillemdeclaramunt\/wp-json\/wp\/v2\/types\/post"}],"author":[{"embeddable":true,"href":"https:\/\/agora.xtec.cat\/escolaguillemdeclaramunt\/wp-json\/wp\/v2\/users\/1"}],"replies":[{"embeddable":true,"href":"https:\/\/agora.xtec.cat\/escolaguillemdeclaramunt\/wp-json\/wp\/v2\/comments?post=6977"}],"version-history":[{"count":2,"href":"https:\/\/agora.xtec.cat\/escolaguillemdeclaramunt\/wp-json\/wp\/v2\/posts\/6977\/revisions"}],"predecessor-version":[{"id":6980,"href":"https:\/\/agora.xtec.cat\/escolaguillemdeclaramunt\/wp-json\/wp\/v2\/posts\/6977\/revisions\/6980"}],"wp:featuredmedia":[{"embeddable":true,"href":"https:\/\/agora.xtec.cat\/escolaguillemdeclaramunt\/wp-json\/wp\/v2\/media\/6978"}],"wp:attachment":[{"href":"https:\/\/agora.xtec.cat\/escolaguillemdeclaramunt\/wp-json\/wp\/v2\/media?parent=6977"}],"wp:term":[{"taxonomy":"category","embeddable":true,"href":"https:\/\/agora.xtec.cat\/escolaguillemdeclaramunt\/wp-json\/wp\/v2\/categories?post=6977"},{"taxonomy":"post_tag","embeddable":true,"href":"https:\/\/agora.xtec.cat\/escolaguillemdeclaramunt\/wp-json\/wp\/v2\/tags?post=6977"}],"curies":[{"name":"wp","href":"https:\/\/api.w.org\/{rel}","templated":true}]}}