{"id":14107,"date":"2026-04-08T13:20:21","date_gmt":"2026-04-08T11:20:21","guid":{"rendered":"https:\/\/agora.xtec.cat\/escolaguillemdeclaramunt\/?p=14107"},"modified":"2026-04-08T13:20:21","modified_gmt":"2026-04-08T11:20:21","slug":"5e-gracies-per-la-visita","status":"publish","type":"post","link":"https:\/\/agora.xtec.cat\/escolaguillemdeclaramunt\/portada\/5e-gracies-per-la-visita\/","title":{"rendered":"5\u00e8 Gr\u00e0cies per la visita"},"content":{"rendered":"<p>L\u2019\u00faltim divendres abans de les vacances de Setmana Santa, a l\u2019hora d\u2019Educaci\u00f3 Art\u00edstica Visual i Pl\u00e0stica, vam tindre l\u2019honor de rebre la visita d\u2019en Lu\u00eds Miguel, el pare de la Naroa. Ens va agradar molt\u00edssim perqu\u00e8 vam veure lo b\u00e9 que pinta amb les aquarel\u00b7les i ens va ensenyar t\u00e8cniques perqu\u00e8 nosaltres tamb\u00e9 pogu\u00e9ssim crear els nostres quadres. Va estar genial Lu\u00eds! Molt\u00edssimes gr\u00e0cies!<\/p>\n<p><img loading=\"lazy\" decoding=\"async\" src=\"https:\/\/agora.xtec.cat\/escolaguillemdeclaramunt\/wp-content\/uploads\/usu1751\/2026\/04\/resized_IMG_20260327_163034-1024x768.jpg\" alt=\"\" width=\"1024\" height=\"768\" class=\"alignnone size-large wp-image-14108\" srcset=\"https:\/\/agora.xtec.cat\/escolaguillemdeclaramunt\/wp-content\/uploads\/usu1751\/2026\/04\/resized_IMG_20260327_163034-1024x768.jpg 1024w, https:\/\/agora.xtec.cat\/escolaguillemdeclaramunt\/wp-content\/uploads\/usu1751\/2026\/04\/resized_IMG_20260327_163034-300x225.jpg 300w, https:\/\/agora.xtec.cat\/escolaguillemdeclaramunt\/wp-content\/uploads\/usu1751\/2026\/04\/resized_IMG_20260327_163034-768x576.jpg 768w, https:\/\/agora.xtec.cat\/escolaguillemdeclaramunt\/wp-content\/uploads\/usu1751\/2026\/04\/resized_IMG_20260327_163034-1536x1152.jpg 1536w, https:\/\/agora.xtec.cat\/escolaguillemdeclaramunt\/wp-content\/uploads\/usu1751\/2026\/04\/resized_IMG_20260327_163034.jpg 2048w\" sizes=\"auto, (max-width: 1024px) 100vw, 1024px\" \/><\/p>\n","protected":false},"excerpt":{"rendered":"<p>L\u2019\u00faltim divendres abans de les vacances de Setmana Santa, a l\u2019hora d\u2019Educaci\u00f3 Art\u00edstica Visual i Pl\u00e0stica, vam tindre l\u2019honor de rebre la visita d\u2019en Lu\u00eds Miguel, el pare de la Naroa. Ens va agradar molt\u00edssim perqu\u00e8 vam veure lo b\u00e9 que pinta amb les aquarel\u00b7les i ens va ensenyar t\u00e8cniques perqu\u00e8 nosaltres tamb\u00e9 pogu\u00e9ssim crear [&hellip;]<\/p>\n","protected":false},"author":1,"featured_media":14108,"comment_status":"open","ping_status":"closed","sticky":false,"template":"","format":"standard","meta":{"_bbp_topic_count":0,"_bbp_reply_count":0,"_bbp_total_topic_count":0,"_bbp_total_reply_count":0,"_bbp_voice_count":0,"_bbp_anonymous_reply_count":0,"_bbp_topic_count_hidden":0,"_bbp_reply_count_hidden":0,"_bbp_forum_subforum_count":0,"site-sidebar-layout":"default","site-content-layout":"","ast-site-content-layout":"default","site-content-style":"default","site-sidebar-style":"default","ast-global-header-display":"","ast-banner-title-visibility":"","ast-main-header-display":"","ast-hfb-above-header-display":"","ast-hfb-below-header-display":"","ast-hfb-mobile-header-display":"","site-post-title":"","ast-breadcrumbs-content":"","ast-featured-img":"","footer-sml-layout":"","theme-transparent-header-meta":"default","adv-header-id-meta":"","stick-header-meta":"","header-above-stick-meta":"","header-main-stick-meta":"","header-below-stick-meta":"","astra-migrate-meta-layouts":"set","ast-page-background-enabled":"default","ast-page-background-meta":{"desktop":{"background-color":"var(--ast-global-color-4)","background-image":"","background-repeat":"repeat","background-position":"center center","background-size":"auto","background-attachment":"scroll","background-type":"","background-media":"","overlay-type":"","overlay-color":"","overlay-opacity":"","overlay-gradient":""},"tablet":{"background-color":"","background-image":"","background-repeat":"repeat","background-position":"center center","background-size":"auto","background-attachment":"scroll","background-type":"","background-media":"","overlay-type":"","overlay-color":"","overlay-opacity":"","overlay-gradient":""},"mobile":{"background-color":"","background-image":"","background-repeat":"repeat","background-position":"center center","background-size":"auto","background-attachment":"scroll","background-type":"","background-media":"","overlay-type":"","overlay-color":"","overlay-opacity":"","overlay-gradient":""}},"ast-content-background-meta":{"desktop":{"background-color":"var(--ast-global-color-5)","background-image":"","background-repeat":"repeat","background-position":"center center","background-size":"auto","background-attachment":"scroll","background-type":"","background-media":"","overlay-type":"","overlay-color":"","overlay-opacity":"","overlay-gradient":""},"tablet":{"background-color":"var(--ast-global-color-5)","background-image":"","background-repeat":"repeat","background-position":"center center","background-size":"auto","background-attachment":"scroll","background-type":"","background-media":"","overlay-type":"","overlay-color":"","overlay-opacity":"","overlay-gradient":""},"mobile":{"background-color":"var(--ast-global-color-5)","background-image":"","background-repeat":"repeat","background-position":"center center","background-size":"auto","background-attachment":"scroll","background-type":"","background-media":"","overlay-type":"","overlay-color":"","overlay-opacity":"","overlay-gradient":""}},"footnotes":""},"categories":[67,4,90],"tags":[],"class_list":["post-14107","post","type-post","status-publish","format-standard","has-post-thumbnail","hentry","category-cinque","category-portada","category-promocio-2018"],"post_mailing_queue_ids":[],"_links":{"self":[{"href":"https:\/\/agora.xtec.cat\/escolaguillemdeclaramunt\/wp-json\/wp\/v2\/posts\/14107","targetHints":{"allow":["GET"]}}],"collection":[{"href":"https:\/\/agora.xtec.cat\/escolaguillemdeclaramunt\/wp-json\/wp\/v2\/posts"}],"about":[{"href":"https:\/\/agora.xtec.cat\/escolaguillemdeclaramunt\/wp-json\/wp\/v2\/types\/post"}],"author":[{"embeddable":true,"href":"https:\/\/agora.xtec.cat\/escolaguillemdeclaramunt\/wp-json\/wp\/v2\/users\/1"}],"replies":[{"embeddable":true,"href":"https:\/\/agora.xtec.cat\/escolaguillemdeclaramunt\/wp-json\/wp\/v2\/comments?post=14107"}],"version-history":[{"count":1,"href":"https:\/\/agora.xtec.cat\/escolaguillemdeclaramunt\/wp-json\/wp\/v2\/posts\/14107\/revisions"}],"predecessor-version":[{"id":14109,"href":"https:\/\/agora.xtec.cat\/escolaguillemdeclaramunt\/wp-json\/wp\/v2\/posts\/14107\/revisions\/14109"}],"wp:featuredmedia":[{"embeddable":true,"href":"https:\/\/agora.xtec.cat\/escolaguillemdeclaramunt\/wp-json\/wp\/v2\/media\/14108"}],"wp:attachment":[{"href":"https:\/\/agora.xtec.cat\/escolaguillemdeclaramunt\/wp-json\/wp\/v2\/media?parent=14107"}],"wp:term":[{"taxonomy":"category","embeddable":true,"href":"https:\/\/agora.xtec.cat\/escolaguillemdeclaramunt\/wp-json\/wp\/v2\/categories?post=14107"},{"taxonomy":"post_tag","embeddable":true,"href":"https:\/\/agora.xtec.cat\/escolaguillemdeclaramunt\/wp-json\/wp\/v2\/tags?post=14107"}],"curies":[{"name":"wp","href":"https:\/\/api.w.org\/{rel}","templated":true}]}}