{"id":13622,"date":"2025-04-22T12:40:44","date_gmt":"2025-04-22T10:40:44","guid":{"rendered":"https:\/\/agora.xtec.cat\/escolaguillemdeclaramunt\/?p=13622"},"modified":"2025-04-22T12:41:01","modified_gmt":"2025-04-22T10:41:01","slug":"6e-noticia","status":"publish","type":"post","link":"https:\/\/agora.xtec.cat\/escolaguillemdeclaramunt\/general\/6e-noticia\/","title":{"rendered":"6\u00e8 NOT\u00cdCIA"},"content":{"rendered":"<p><strong>El mural dels compromisos ambientals<\/strong><\/p>\n<p>Fa unes setmanes, a l\u2019Escola de la Secuita, els alumnes de 6\u00e8 van comen\u00e7ar un nou projecte a l&#8217;\u00e0rea d&#8217;Educaci\u00f3 en Valors.<\/p>\n<p>La idea era primer fer parelles. Amb aquestes parelles, havien d&#8217;emplenar un paper posant idees per millorar el planeta mediambientalment (idees factibles per cadascun de nosaltres). Despr\u00e9s, es van reunir totes les idees per formar un \u201cmegamural\u201d.<\/p>\n<p>Quan el mural va estar acabat, el van penjar al passad\u00eds perqu\u00e8 tots els alumnes de l\u2019escola el veiessin.<\/p>\n<p>L&#8217;objectiu era que els alumnes es conscienciessin sobre la crisi clim\u00e0tica.<\/p>\n<p><img loading=\"lazy\" decoding=\"async\" src=\"https:\/\/agora.xtec.cat\/escolaguillemdeclaramunt\/wp-content\/uploads\/usu1751\/2025\/04\/resized_Foto-mural-mediambiental-6e-24-25-1024x768.jpg\" alt=\"\" width=\"1024\" height=\"768\" class=\"alignnone size-large wp-image-13623\" srcset=\"https:\/\/agora.xtec.cat\/escolaguillemdeclaramunt\/wp-content\/uploads\/usu1751\/2025\/04\/resized_Foto-mural-mediambiental-6e-24-25-1024x768.jpg 1024w, https:\/\/agora.xtec.cat\/escolaguillemdeclaramunt\/wp-content\/uploads\/usu1751\/2025\/04\/resized_Foto-mural-mediambiental-6e-24-25-300x225.jpg 300w, https:\/\/agora.xtec.cat\/escolaguillemdeclaramunt\/wp-content\/uploads\/usu1751\/2025\/04\/resized_Foto-mural-mediambiental-6e-24-25-768x576.jpg 768w, https:\/\/agora.xtec.cat\/escolaguillemdeclaramunt\/wp-content\/uploads\/usu1751\/2025\/04\/resized_Foto-mural-mediambiental-6e-24-25-1536x1152.jpg 1536w, https:\/\/agora.xtec.cat\/escolaguillemdeclaramunt\/wp-content\/uploads\/usu1751\/2025\/04\/resized_Foto-mural-mediambiental-6e-24-25-2048x1536.jpg 2048w, https:\/\/agora.xtec.cat\/escolaguillemdeclaramunt\/wp-content\/uploads\/usu1751\/2025\/04\/resized_Foto-mural-mediambiental-6e-24-25-200x150.jpg 200w\" sizes=\"auto, (max-width: 1024px) 100vw, 1024px\" \/><\/p>\n","protected":false},"excerpt":{"rendered":"<p>Fa unes setmanes, a l\u2019Escola de la Secuita, els alumnes de 6\u00e8 van <\/p>\n","protected":false},"author":1,"featured_media":13623,"comment_status":"open","ping_status":"closed","sticky":false,"template":"","format":"standard","meta":{"_bbp_topic_count":0,"_bbp_reply_count":0,"_bbp_total_topic_count":0,"_bbp_total_reply_count":0,"_bbp_voice_count":0,"_bbp_anonymous_reply_count":0,"_bbp_topic_count_hidden":0,"_bbp_reply_count_hidden":0,"_bbp_forum_subforum_count":0,"site-sidebar-layout":"default","site-content-layout":"","ast-site-content-layout":"","site-content-style":"default","site-sidebar-style":"default","ast-global-header-display":"","ast-banner-title-visibility":"","ast-main-header-display":"","ast-hfb-above-header-display":"","ast-hfb-below-header-display":"","ast-hfb-mobile-header-display":"","site-post-title":"","ast-breadcrumbs-content":"","ast-featured-img":"","footer-sml-layout":"","theme-transparent-header-meta":"","adv-header-id-meta":"","stick-header-meta":"","header-above-stick-meta":"","header-main-stick-meta":"","header-below-stick-meta":"","astra-migrate-meta-layouts":"default","ast-page-background-enabled":"default","ast-page-background-meta":{"desktop":{"background-color":"var(--ast-global-color-4)","background-image":"","background-repeat":"repeat","background-position":"center center","background-size":"auto","background-attachment":"scroll","background-type":"","background-media":"","overlay-type":"","overlay-color":"","overlay-opacity":"","overlay-gradient":""},"tablet":{"background-color":"","background-image":"","background-repeat":"repeat","background-position":"center center","background-size":"auto","background-attachment":"scroll","background-type":"","background-media":"","overlay-type":"","overlay-color":"","overlay-opacity":"","overlay-gradient":""},"mobile":{"background-color":"","background-image":"","background-repeat":"repeat","background-position":"center center","background-size":"auto","background-attachment":"scroll","background-type":"","background-media":"","overlay-type":"","overlay-color":"","overlay-opacity":"","overlay-gradient":""}},"ast-content-background-meta":{"desktop":{"background-color":"var(--ast-global-color-5)","background-image":"","background-repeat":"repeat","background-position":"center center","background-size":"auto","background-attachment":"scroll","background-type":"","background-media":"","overlay-type":"","overlay-color":"","overlay-opacity":"","overlay-gradient":""},"tablet":{"background-color":"var(--ast-global-color-5)","background-image":"","background-repeat":"repeat","background-position":"center center","background-size":"auto","background-attachment":"scroll","background-type":"","background-media":"","overlay-type":"","overlay-color":"","overlay-opacity":"","overlay-gradient":""},"mobile":{"background-color":"var(--ast-global-color-5)","background-image":"","background-repeat":"repeat","background-position":"center center","background-size":"auto","background-attachment":"scroll","background-type":"","background-media":"","overlay-type":"","overlay-color":"","overlay-opacity":"","overlay-gradient":""}},"footnotes":""},"categories":[1,73],"tags":[],"class_list":["post-13622","post","type-post","status-publish","format-standard","has-post-thumbnail","hentry","category-general","category-sise"],"post_mailing_queue_ids":[],"_links":{"self":[{"href":"https:\/\/agora.xtec.cat\/escolaguillemdeclaramunt\/wp-json\/wp\/v2\/posts\/13622","targetHints":{"allow":["GET"]}}],"collection":[{"href":"https:\/\/agora.xtec.cat\/escolaguillemdeclaramunt\/wp-json\/wp\/v2\/posts"}],"about":[{"href":"https:\/\/agora.xtec.cat\/escolaguillemdeclaramunt\/wp-json\/wp\/v2\/types\/post"}],"author":[{"embeddable":true,"href":"https:\/\/agora.xtec.cat\/escolaguillemdeclaramunt\/wp-json\/wp\/v2\/users\/1"}],"replies":[{"embeddable":true,"href":"https:\/\/agora.xtec.cat\/escolaguillemdeclaramunt\/wp-json\/wp\/v2\/comments?post=13622"}],"version-history":[{"count":2,"href":"https:\/\/agora.xtec.cat\/escolaguillemdeclaramunt\/wp-json\/wp\/v2\/posts\/13622\/revisions"}],"predecessor-version":[{"id":13625,"href":"https:\/\/agora.xtec.cat\/escolaguillemdeclaramunt\/wp-json\/wp\/v2\/posts\/13622\/revisions\/13625"}],"wp:featuredmedia":[{"embeddable":true,"href":"https:\/\/agora.xtec.cat\/escolaguillemdeclaramunt\/wp-json\/wp\/v2\/media\/13623"}],"wp:attachment":[{"href":"https:\/\/agora.xtec.cat\/escolaguillemdeclaramunt\/wp-json\/wp\/v2\/media?parent=13622"}],"wp:term":[{"taxonomy":"category","embeddable":true,"href":"https:\/\/agora.xtec.cat\/escolaguillemdeclaramunt\/wp-json\/wp\/v2\/categories?post=13622"},{"taxonomy":"post_tag","embeddable":true,"href":"https:\/\/agora.xtec.cat\/escolaguillemdeclaramunt\/wp-json\/wp\/v2\/tags?post=13622"}],"curies":[{"name":"wp","href":"https:\/\/api.w.org\/{rel}","templated":true}]}}