{"id":12331,"date":"2023-04-21T15:47:35","date_gmt":"2023-04-21T13:47:35","guid":{"rendered":"https:\/\/agora.xtec.cat\/escolaguillemdeclaramunt\/?p=12331"},"modified":"2023-04-26T09:29:42","modified_gmt":"2023-04-26T07:29:42","slug":"ultim-episodi-de-radio-mercallibres","status":"publish","type":"post","link":"https:\/\/agora.xtec.cat\/escolaguillemdeclaramunt\/general\/ultim-episodi-de-radio-mercallibres\/","title":{"rendered":"R\u00c0DIO MERCALLIBRES"},"content":{"rendered":"<p>Escolteu la \u00faltima recomanaci\u00f3 de llibres dels alumnes de sis\u00e8 per aquest Sant Jordi<\/p>\n<p><img loading=\"lazy\" decoding=\"async\" src=\"https:\/\/agora.xtec.cat\/escolaguillemdeclaramunt\/wp-content\/uploads\/usu1751\/2023\/04\/resized_MERCA-LLIBRES-LAbracada-1024x768.jpg\" alt=\"\" width=\"1024\" height=\"768\" class=\"alignnone size-large wp-image-12316\" srcset=\"https:\/\/agora.xtec.cat\/escolaguillemdeclaramunt\/wp-content\/uploads\/usu1751\/2023\/04\/resized_MERCA-LLIBRES-LAbracada-1024x768.jpg 1024w, https:\/\/agora.xtec.cat\/escolaguillemdeclaramunt\/wp-content\/uploads\/usu1751\/2023\/04\/resized_MERCA-LLIBRES-LAbracada-300x225.jpg 300w, https:\/\/agora.xtec.cat\/escolaguillemdeclaramunt\/wp-content\/uploads\/usu1751\/2023\/04\/resized_MERCA-LLIBRES-LAbracada-768x576.jpg 768w, https:\/\/agora.xtec.cat\/escolaguillemdeclaramunt\/wp-content\/uploads\/usu1751\/2023\/04\/resized_MERCA-LLIBRES-LAbracada-1536x1152.jpg 1536w, https:\/\/agora.xtec.cat\/escolaguillemdeclaramunt\/wp-content\/uploads\/usu1751\/2023\/04\/resized_MERCA-LLIBRES-LAbracada-200x150.jpg 200w, https:\/\/agora.xtec.cat\/escolaguillemdeclaramunt\/wp-content\/uploads\/usu1751\/2023\/04\/resized_MERCA-LLIBRES-LAbracada.jpg 1598w\" sizes=\"auto, (max-width: 1024px) 100vw, 1024px\" \/><br \/>\n<!--[if lt IE 9]><script>document.createElement('audio');<\/script><![endif]-->\n<audio class=\"wp-audio-shortcode\" id=\"audio-12331-1\" preload=\"none\" style=\"width: 100%;\" controls=\"controls\"><source type=\"audio\/mpeg\" src=\"https:\/\/agora.xtec.cat\/escolaguillemdeclaramunt\/wp-content\/uploads\/usu1751\/2023\/04\/Merca\u00b7llibres-Rim-Andrea2.mp3?_=1\" \/><a href=\"https:\/\/agora.xtec.cat\/escolaguillemdeclaramunt\/wp-content\/uploads\/usu1751\/2023\/04\/Merca\u00b7llibres-Rim-Andrea2.mp3\">https:\/\/agora.xtec.cat\/escolaguillemdeclaramunt\/wp-content\/uploads\/usu1751\/2023\/04\/Merca\u00b7llibres-Rim-Andrea2.mp3<\/a><\/audio><\/p>\n","protected":false},"excerpt":{"rendered":"<p>Escolteu la \u00faltima recomanaci\u00f3 de llibres dels alumnes de sis\u00e8 per aquest Sant Jordi<\/p>\n","protected":false},"author":1,"featured_media":12316,"comment_status":"open","ping_status":"closed","sticky":false,"template":"","format":"standard","meta":{"_bbp_topic_count":0,"_bbp_reply_count":0,"_bbp_total_topic_count":0,"_bbp_total_reply_count":0,"_bbp_voice_count":0,"_bbp_anonymous_reply_count":0,"_bbp_topic_count_hidden":0,"_bbp_reply_count_hidden":0,"_bbp_forum_subforum_count":0,"site-sidebar-layout":"default","site-content-layout":"","ast-site-content-layout":"","site-content-style":"default","site-sidebar-style":"default","ast-global-header-display":"","ast-banner-title-visibility":"","ast-main-header-display":"","ast-hfb-above-header-display":"","ast-hfb-below-header-display":"","ast-hfb-mobile-header-display":"","site-post-title":"","ast-breadcrumbs-content":"","ast-featured-img":"","footer-sml-layout":"","theme-transparent-header-meta":"","adv-header-id-meta":"","stick-header-meta":"","header-above-stick-meta":"","header-main-stick-meta":"","header-below-stick-meta":"","astra-migrate-meta-layouts":"default","ast-page-background-enabled":"default","ast-page-background-meta":{"desktop":{"background-color":"var(--ast-global-color-4)","background-image":"","background-repeat":"repeat","background-position":"center center","background-size":"auto","background-attachment":"scroll","background-type":"","background-media":"","overlay-type":"","overlay-color":"","overlay-opacity":"","overlay-gradient":""},"tablet":{"background-color":"","background-image":"","background-repeat":"repeat","background-position":"center center","background-size":"auto","background-attachment":"scroll","background-type":"","background-media":"","overlay-type":"","overlay-color":"","overlay-opacity":"","overlay-gradient":""},"mobile":{"background-color":"","background-image":"","background-repeat":"repeat","background-position":"center center","background-size":"auto","background-attachment":"scroll","background-type":"","background-media":"","overlay-type":"","overlay-color":"","overlay-opacity":"","overlay-gradient":""}},"ast-content-background-meta":{"desktop":{"background-color":"var(--ast-global-color-5)","background-image":"","background-repeat":"repeat","background-position":"center center","background-size":"auto","background-attachment":"scroll","background-type":"","background-media":"","overlay-type":"","overlay-color":"","overlay-opacity":"","overlay-gradient":""},"tablet":{"background-color":"var(--ast-global-color-5)","background-image":"","background-repeat":"repeat","background-position":"center center","background-size":"auto","background-attachment":"scroll","background-type":"","background-media":"","overlay-type":"","overlay-color":"","overlay-opacity":"","overlay-gradient":""},"mobile":{"background-color":"var(--ast-global-color-5)","background-image":"","background-repeat":"repeat","background-position":"center center","background-size":"auto","background-attachment":"scroll","background-type":"","background-media":"","overlay-type":"","overlay-color":"","overlay-opacity":"","overlay-gradient":""}},"footnotes":""},"categories":[60,1,73],"tags":[],"class_list":["post-12331","post","type-post","status-publish","format-standard","has-post-thumbnail","hentry","category-biblioteca","category-general","category-sise"],"post_mailing_queue_ids":[],"_links":{"self":[{"href":"https:\/\/agora.xtec.cat\/escolaguillemdeclaramunt\/wp-json\/wp\/v2\/posts\/12331","targetHints":{"allow":["GET"]}}],"collection":[{"href":"https:\/\/agora.xtec.cat\/escolaguillemdeclaramunt\/wp-json\/wp\/v2\/posts"}],"about":[{"href":"https:\/\/agora.xtec.cat\/escolaguillemdeclaramunt\/wp-json\/wp\/v2\/types\/post"}],"author":[{"embeddable":true,"href":"https:\/\/agora.xtec.cat\/escolaguillemdeclaramunt\/wp-json\/wp\/v2\/users\/1"}],"replies":[{"embeddable":true,"href":"https:\/\/agora.xtec.cat\/escolaguillemdeclaramunt\/wp-json\/wp\/v2\/comments?post=12331"}],"version-history":[{"count":3,"href":"https:\/\/agora.xtec.cat\/escolaguillemdeclaramunt\/wp-json\/wp\/v2\/posts\/12331\/revisions"}],"predecessor-version":[{"id":12376,"href":"https:\/\/agora.xtec.cat\/escolaguillemdeclaramunt\/wp-json\/wp\/v2\/posts\/12331\/revisions\/12376"}],"wp:featuredmedia":[{"embeddable":true,"href":"https:\/\/agora.xtec.cat\/escolaguillemdeclaramunt\/wp-json\/wp\/v2\/media\/12316"}],"wp:attachment":[{"href":"https:\/\/agora.xtec.cat\/escolaguillemdeclaramunt\/wp-json\/wp\/v2\/media?parent=12331"}],"wp:term":[{"taxonomy":"category","embeddable":true,"href":"https:\/\/agora.xtec.cat\/escolaguillemdeclaramunt\/wp-json\/wp\/v2\/categories?post=12331"},{"taxonomy":"post_tag","embeddable":true,"href":"https:\/\/agora.xtec.cat\/escolaguillemdeclaramunt\/wp-json\/wp\/v2\/tags?post=12331"}],"curies":[{"name":"wp","href":"https:\/\/api.w.org\/{rel}","templated":true}]}}