{"id":10729,"date":"2021-07-01T11:12:53","date_gmt":"2021-07-01T09:12:53","guid":{"rendered":"http:\/\/agora.xtec.cat\/escolaguillemdeclaramunt\/?p=10729"},"modified":"2021-07-01T11:14:51","modified_gmt":"2021-07-01T09:14:51","slug":"ultims-treballs-de-sise","status":"publish","type":"post","link":"https:\/\/agora.xtec.cat\/escolaguillemdeclaramunt\/general\/ultims-treballs-de-sise\/","title":{"rendered":"\u00daLTIMS TREBALLS DE SIS\u00c8"},"content":{"rendered":"<p><strong>DEBAT<\/strong><br \/>\nEls alumnes de sis\u00e8 van fer un debat sobre el sharenting i el sexting. El sharenting \u00e9s publicar fotos o v\u00eddeos d\u2019un menor d\u2019edat sense el perm\u00eds. El sexting \u00e9s compartir contingut sexual. Els debats els han fet a l\u2019hora de l\u2019\u00e0rea de Parlem.<br \/>\n<img loading=\"lazy\" decoding=\"async\" src=\"https:\/\/agora.xtec.cat\/escolaguillemdeclaramunt\/wp-content\/uploads\/usu1751\/2021\/07\/resized_IMG_20210426_122127353-1024x768.jpg\" alt=\"\" width=\"1024\" height=\"768\" class=\"alignnone size-large wp-image-10730\" srcset=\"https:\/\/agora.xtec.cat\/escolaguillemdeclaramunt\/wp-content\/uploads\/usu1751\/2021\/07\/resized_IMG_20210426_122127353-1024x768.jpg 1024w, https:\/\/agora.xtec.cat\/escolaguillemdeclaramunt\/wp-content\/uploads\/usu1751\/2021\/07\/resized_IMG_20210426_122127353-300x225.jpg 300w, https:\/\/agora.xtec.cat\/escolaguillemdeclaramunt\/wp-content\/uploads\/usu1751\/2021\/07\/resized_IMG_20210426_122127353-768x576.jpg 768w, https:\/\/agora.xtec.cat\/escolaguillemdeclaramunt\/wp-content\/uploads\/usu1751\/2021\/07\/resized_IMG_20210426_122127353-200x150.jpg 200w\" sizes=\"auto, (max-width: 1024px) 100vw, 1024px\" \/><\/p>\n<p><strong>TALLER D&#8217;ESPORTS I DISCAPACITATS<\/strong><br \/>\nEls nens i nenes de 6\u00e8 vam fer un taller sobre el tractament que tenen les discapacitats en el m\u00f3n de l\u2019esport, aix\u00ed vam saber les dificultats que, per desgr\u00e0cia,  es troben moltes persones i, no obstant, com al final \u00e9s possible dur a terme gaireb\u00e9 tot all\u00f2 que ens proposem.<br \/>\n<a href=\"https:\/\/photos.app.goo.gl\/T7CLj1EemQArFPSi6\" rel=\"noopener noreferrer\" target=\"_blank\"><img loading=\"lazy\" decoding=\"async\" src=\"https:\/\/agora.xtec.cat\/escolaguillemdeclaramunt\/wp-content\/uploads\/usu1751\/2021\/07\/resized_IMG_20210420_102031298-1024x768.jpg\" alt=\"\" width=\"1024\" height=\"768\" class=\"alignnone size-large wp-image-10731\" srcset=\"https:\/\/agora.xtec.cat\/escolaguillemdeclaramunt\/wp-content\/uploads\/usu1751\/2021\/07\/resized_IMG_20210420_102031298-1024x768.jpg 1024w, https:\/\/agora.xtec.cat\/escolaguillemdeclaramunt\/wp-content\/uploads\/usu1751\/2021\/07\/resized_IMG_20210420_102031298-300x225.jpg 300w, https:\/\/agora.xtec.cat\/escolaguillemdeclaramunt\/wp-content\/uploads\/usu1751\/2021\/07\/resized_IMG_20210420_102031298-768x576.jpg 768w, https:\/\/agora.xtec.cat\/escolaguillemdeclaramunt\/wp-content\/uploads\/usu1751\/2021\/07\/resized_IMG_20210420_102031298-200x150.jpg 200w\" sizes=\"auto, (max-width: 1024px) 100vw, 1024px\" \/><\/a><\/p>\n<p><strong>DOBLATGE<\/strong><br \/>\nEls alumnes de 6\u00e8, a l\u2019hora de SEP de Lleng\u00fces, per tal de practicar l\u2019escriptura de di\u00e0legs i per treballar l\u2019expressi\u00f3 oral, hem preparat uns doblatges d\u2019un mateix v\u00eddeo sense so. A veure qu\u00e8 us semblen les diferents versions!<br \/>\n<a href=\"https:\/\/photos.app.goo.gl\/K6bKoy72MoVZAisA6\" rel=\"noopener noreferrer\" target=\"_blank\"><img loading=\"lazy\" decoding=\"async\" src=\"https:\/\/agora.xtec.cat\/escolaguillemdeclaramunt\/wp-content\/uploads\/usu1751\/2021\/07\/resized_IMATGE-CAPTURA-DE-PANTALLA-DOBLATGES-6\u00e8-2021.jpg\" alt=\"\" width=\"527\" height=\"334\" class=\"alignnone size-full wp-image-10732\" srcset=\"https:\/\/agora.xtec.cat\/escolaguillemdeclaramunt\/wp-content\/uploads\/usu1751\/2021\/07\/resized_IMATGE-CAPTURA-DE-PANTALLA-DOBLATGES-6\u00e8-2021.jpg 527w, https:\/\/agora.xtec.cat\/escolaguillemdeclaramunt\/wp-content\/uploads\/usu1751\/2021\/07\/resized_IMATGE-CAPTURA-DE-PANTALLA-DOBLATGES-6\u00e8-2021-300x190.jpg 300w\" sizes=\"auto, (max-width: 527px) 100vw, 527px\" \/><\/a><\/p>\n<p><strong>ESCACS<\/strong><br \/>\nEls i les alumnes de 6\u00e8 ens hem aficionat una mica a jugar a escacs a les hores de pati i del menjador. Tenim 10 taulells i les seves fitxes corresponents.<br \/>\nCom que una partida pot durar (normal ment) tot el pati, baixem diversos taulells i aix\u00ed podem jugar m\u00e9s companys a l\u2019hora.<br \/>\nTamb\u00e9 hem fet una activitat que relacionava les fraccions i els escacs. Les preguntes tractaven sobre els espais que ocupen els peons, les torres, &#8230;<br \/>\n<img loading=\"lazy\" decoding=\"async\" src=\"https:\/\/agora.xtec.cat\/escolaguillemdeclaramunt\/wp-content\/uploads\/usu1751\/2021\/07\/resized_IMG_20210310_112622242-1024x768.jpg\" alt=\"\" width=\"1024\" height=\"768\" class=\"alignnone size-large wp-image-10733\" srcset=\"https:\/\/agora.xtec.cat\/escolaguillemdeclaramunt\/wp-content\/uploads\/usu1751\/2021\/07\/resized_IMG_20210310_112622242-1024x768.jpg 1024w, https:\/\/agora.xtec.cat\/escolaguillemdeclaramunt\/wp-content\/uploads\/usu1751\/2021\/07\/resized_IMG_20210310_112622242-300x225.jpg 300w, https:\/\/agora.xtec.cat\/escolaguillemdeclaramunt\/wp-content\/uploads\/usu1751\/2021\/07\/resized_IMG_20210310_112622242-768x576.jpg 768w, https:\/\/agora.xtec.cat\/escolaguillemdeclaramunt\/wp-content\/uploads\/usu1751\/2021\/07\/resized_IMG_20210310_112622242-200x150.jpg 200w\" sizes=\"auto, (max-width: 1024px) 100vw, 1024px\" \/><\/p>\n<p><strong>\u00c9SSERS VIUS DE L&#8217;ENTORN<\/strong><br \/>\nPer treballar medi, els alumnes de sis\u00e8 van anar al bosc del costat de l\u2019escola per veure i estudiar els essers vius del nostre entorn.<br \/>\nVan triar observar la molsa, els esquirols, els porcs senglars, els cargols, els bolets, etc.<br \/>\nVan escollir algun \u00e9sser viu per estudiar-lo i fer una presentaci\u00f3 per ensenyar-la als seus companys.<br \/>\n\u00c9s molt interessant tot el que pots aprendre sobre la natura del costat!<br \/>\n<a href=\"https:\/\/photos.app.goo.gl\/CW8bFfMw5ygnmDHT9\" rel=\"noopener noreferrer\" target=\"_blank\"><img loading=\"lazy\" decoding=\"async\" src=\"https:\/\/agora.xtec.cat\/escolaguillemdeclaramunt\/wp-content\/uploads\/usu1751\/2021\/07\/resized_resized_IMG_20201123_160335346-1024x768.jpg\" alt=\"\" width=\"1024\" height=\"768\" class=\"alignnone size-large wp-image-10734\" srcset=\"https:\/\/agora.xtec.cat\/escolaguillemdeclaramunt\/wp-content\/uploads\/usu1751\/2021\/07\/resized_resized_IMG_20201123_160335346-1024x768.jpg 1024w, https:\/\/agora.xtec.cat\/escolaguillemdeclaramunt\/wp-content\/uploads\/usu1751\/2021\/07\/resized_resized_IMG_20201123_160335346-300x225.jpg 300w, https:\/\/agora.xtec.cat\/escolaguillemdeclaramunt\/wp-content\/uploads\/usu1751\/2021\/07\/resized_resized_IMG_20201123_160335346-768x576.jpg 768w, https:\/\/agora.xtec.cat\/escolaguillemdeclaramunt\/wp-content\/uploads\/usu1751\/2021\/07\/resized_resized_IMG_20201123_160335346-200x150.jpg 200w\" sizes=\"auto, (max-width: 1024px) 100vw, 1024px\" \/><\/a><\/p>\n<p><strong>LLIMONERS AL PATI<\/strong><br \/>\nAquest any  hem sortit al pati tota la classe de 6\u00e8 a plantar dos llimoners. El Juanma, el nostre conserge, va fer els forats al terra i nosaltres, per torns, vam posar els llimoners i vam enterrar-los amb la terra i compost. Tot seguit vam comen\u00e7ar a regar-los. Esperem que creixin ben alts i donin bon\u00edssimes llimones!<br \/>\n<a href=\"https:\/\/photos.app.goo.gl\/qrJdhWP3gspVSzby5\" rel=\"noopener noreferrer\" target=\"_blank\"><img loading=\"lazy\" decoding=\"async\" src=\"https:\/\/agora.xtec.cat\/escolaguillemdeclaramunt\/wp-content\/uploads\/usu1751\/2021\/07\/resized_IMG_20210323_152032461-1024x768.jpg\" alt=\"\" width=\"1024\" height=\"768\" class=\"alignnone size-large wp-image-10735\" srcset=\"https:\/\/agora.xtec.cat\/escolaguillemdeclaramunt\/wp-content\/uploads\/usu1751\/2021\/07\/resized_IMG_20210323_152032461-1024x768.jpg 1024w, https:\/\/agora.xtec.cat\/escolaguillemdeclaramunt\/wp-content\/uploads\/usu1751\/2021\/07\/resized_IMG_20210323_152032461-300x225.jpg 300w, https:\/\/agora.xtec.cat\/escolaguillemdeclaramunt\/wp-content\/uploads\/usu1751\/2021\/07\/resized_IMG_20210323_152032461-768x576.jpg 768w, https:\/\/agora.xtec.cat\/escolaguillemdeclaramunt\/wp-content\/uploads\/usu1751\/2021\/07\/resized_IMG_20210323_152032461-200x150.jpg 200w\" sizes=\"auto, (max-width: 1024px) 100vw, 1024px\" \/><\/a><\/p>\n<p><strong>L&#8217;ENERGIA I LES M\u00c0QUINES<\/strong><br \/>\nEls i les alumnes de 6\u00e8 han estudiat els diferents tipus d\u2019energia que existeixen, les seves caracter\u00edstiques i les seves aplicacions. Tamb\u00e9 han estudiat el m\u00f3n de les m\u00e0quines. Per fer-ho tot plegat, han hagut d\u2019inventar-se unes m\u00e0quines amb material reutilitzat i amb unes peces d\u2019uns kits de m\u00e0quines (engranatges, politges, eixos, interruptors, cables&#8230;). Un cop inventada i muntada la m\u00e0quina, han hagut de fer una presentaci\u00f3 de Google parlant de les caracter\u00edstiques d\u2019aquesta m\u00e0quina i les energies que entren en relaci\u00f3 amb aquesta.<br \/>\n<a href=\"https:\/\/photos.app.goo.gl\/kQ5XatRynobJeAnu8\" rel=\"noopener noreferrer\" target=\"_blank\"><img loading=\"lazy\" decoding=\"async\" src=\"https:\/\/agora.xtec.cat\/escolaguillemdeclaramunt\/wp-content\/uploads\/usu1751\/2021\/07\/resized_IMG_20210510_162815745-1024x768.jpg\" alt=\"\" width=\"1024\" height=\"768\" class=\"alignnone size-large wp-image-10736\" srcset=\"https:\/\/agora.xtec.cat\/escolaguillemdeclaramunt\/wp-content\/uploads\/usu1751\/2021\/07\/resized_IMG_20210510_162815745-1024x768.jpg 1024w, https:\/\/agora.xtec.cat\/escolaguillemdeclaramunt\/wp-content\/uploads\/usu1751\/2021\/07\/resized_IMG_20210510_162815745-300x225.jpg 300w, https:\/\/agora.xtec.cat\/escolaguillemdeclaramunt\/wp-content\/uploads\/usu1751\/2021\/07\/resized_IMG_20210510_162815745-768x576.jpg 768w, https:\/\/agora.xtec.cat\/escolaguillemdeclaramunt\/wp-content\/uploads\/usu1751\/2021\/07\/resized_IMG_20210510_162815745-200x150.jpg 200w\" sizes=\"auto, (max-width: 1024px) 100vw, 1024px\" \/><\/a><\/p>\n<p><strong>GEOMETRIA AL PATI!<\/strong><br \/>\nEls alumnes de 6\u00e8, per tal de treballar diferents continguts de geometria i de sistemes de  mesura, han fet diverses activitats al pati, tot aprofitant diverses formes geom\u00e8triques existents o dibuixant-ne ells i elles amb guix al terra de la pista.<br \/>\n<a href=\"https:\/\/photos.app.goo.gl\/uPZmjhsH3jStjmVd6\" rel=\"noopener noreferrer\" target=\"_blank\"><img loading=\"lazy\" decoding=\"async\" src=\"https:\/\/agora.xtec.cat\/escolaguillemdeclaramunt\/wp-content\/uploads\/usu1751\/2021\/07\/resized_IMG_20210519_121744277-1024x768.jpg\" alt=\"\" width=\"1024\" height=\"768\" class=\"alignnone size-large wp-image-10737\" srcset=\"https:\/\/agora.xtec.cat\/escolaguillemdeclaramunt\/wp-content\/uploads\/usu1751\/2021\/07\/resized_IMG_20210519_121744277-1024x768.jpg 1024w, https:\/\/agora.xtec.cat\/escolaguillemdeclaramunt\/wp-content\/uploads\/usu1751\/2021\/07\/resized_IMG_20210519_121744277-300x225.jpg 300w, https:\/\/agora.xtec.cat\/escolaguillemdeclaramunt\/wp-content\/uploads\/usu1751\/2021\/07\/resized_IMG_20210519_121744277-768x576.jpg 768w, https:\/\/agora.xtec.cat\/escolaguillemdeclaramunt\/wp-content\/uploads\/usu1751\/2021\/07\/resized_IMG_20210519_121744277-200x150.jpg 200w\" sizes=\"auto, (max-width: 1024px) 100vw, 1024px\" \/><\/a><\/p>\n<p><strong>EL VALOR DE LES ORENETES!<\/strong><br \/>\nEls alumnes de 6\u00e8, amb l\u2019ajut de diversos i diverses agents rurals, han sortit per tot el poble de la Secuita per fer un cens de la poblaci\u00f3 d\u2019orenetes al poble. Aquests ocells tenen molta import\u00e0ncia en el nostre ecosistema i s\u00f3n un dels insecticides m\u00e9s efectius que existeixen!<br \/>\n<a href=\"https:\/\/photos.app.goo.gl\/aXr43yVg1eCFuAsD9\" rel=\"noopener noreferrer\" target=\"_blank\"><img loading=\"lazy\" decoding=\"async\" src=\"https:\/\/agora.xtec.cat\/escolaguillemdeclaramunt\/wp-content\/uploads\/usu1751\/2021\/07\/resized_IMG-20210513-WA0014.jpg\" alt=\"\" width=\"716\" height=\"537\" class=\"alignnone size-full wp-image-10738\" srcset=\"https:\/\/agora.xtec.cat\/escolaguillemdeclaramunt\/wp-content\/uploads\/usu1751\/2021\/07\/resized_IMG-20210513-WA0014.jpg 716w, https:\/\/agora.xtec.cat\/escolaguillemdeclaramunt\/wp-content\/uploads\/usu1751\/2021\/07\/resized_IMG-20210513-WA0014-300x225.jpg 300w, https:\/\/agora.xtec.cat\/escolaguillemdeclaramunt\/wp-content\/uploads\/usu1751\/2021\/07\/resized_IMG-20210513-WA0014-200x150.jpg 200w\" sizes=\"auto, (max-width: 716px) 100vw, 716px\" \/><\/a><\/p>\n<p><strong>TOT SOBRE MI<\/strong><br \/>\nEls alumnes de sis\u00e8 hem llegit un llibre titulat Wonder. A partir d\u2019aix\u00f2, hem fet una din\u00e0mica que tracta sobre descriure&#8217;ns.<br \/>\nVam escriure uns textos parlant sobre cadasc\u00fa de nosaltres, en vam seleccionar les paraules que consider\u00e0vem m\u00e9s importants i les v\u00e0rem introduir en una aplicaci\u00f3 que genera mapes de paraules, com els que veieu. Qu\u00e8 us en sembla el resultat?<br \/>\n<a href=\"https:\/\/photos.app.goo.gl\/Tj4RCbYV1mJLcUz48\" rel=\"noopener noreferrer\" target=\"_blank\"><img loading=\"lazy\" decoding=\"async\" src=\"https:\/\/agora.xtec.cat\/escolaguillemdeclaramunt\/wp-content\/uploads\/usu1751\/2021\/07\/resized_wordcloud-Carla-1.jpg\" alt=\"\" width=\"716\" height=\"537\" class=\"alignnone size-full wp-image-10739\" srcset=\"https:\/\/agora.xtec.cat\/escolaguillemdeclaramunt\/wp-content\/uploads\/usu1751\/2021\/07\/resized_wordcloud-Carla-1.jpg 716w, https:\/\/agora.xtec.cat\/escolaguillemdeclaramunt\/wp-content\/uploads\/usu1751\/2021\/07\/resized_wordcloud-Carla-1-300x225.jpg 300w, https:\/\/agora.xtec.cat\/escolaguillemdeclaramunt\/wp-content\/uploads\/usu1751\/2021\/07\/resized_wordcloud-Carla-1-200x150.jpg 200w\" sizes=\"auto, (max-width: 716px) 100vw, 716px\" \/><\/a><\/p>\n","protected":false},"excerpt":{"rendered":"<p>Aqu\u00ed podeu veure alguns dels \u00faltims treballs dels alumnes de sis\u00e8. BONA FEINA<\/p>\n","protected":false},"author":1,"featured_media":10735,"comment_status":"open","ping_status":"closed","sticky":false,"template":"","format":"standard","meta":{"_bbp_topic_count":0,"_bbp_reply_count":0,"_bbp_total_topic_count":0,"_bbp_total_reply_count":0,"_bbp_voice_count":0,"_bbp_anonymous_reply_count":0,"_bbp_topic_count_hidden":0,"_bbp_reply_count_hidden":0,"_bbp_forum_subforum_count":0,"site-sidebar-layout":"default","site-content-layout":"","ast-site-content-layout":"","site-content-style":"default","site-sidebar-style":"default","ast-global-header-display":"","ast-banner-title-visibility":"","ast-main-header-display":"","ast-hfb-above-header-display":"","ast-hfb-below-header-display":"","ast-hfb-mobile-header-display":"","site-post-title":"","ast-breadcrumbs-content":"","ast-featured-img":"","footer-sml-layout":"","theme-transparent-header-meta":"","adv-header-id-meta":"","stick-header-meta":"","header-above-stick-meta":"","header-main-stick-meta":"","header-below-stick-meta":"","astra-migrate-meta-layouts":"default","ast-page-background-enabled":"default","ast-page-background-meta":{"desktop":{"background-color":"var(--ast-global-color-4)","background-image":"","background-repeat":"repeat","background-position":"center center","background-size":"auto","background-attachment":"scroll","background-type":"","background-media":"","overlay-type":"","overlay-color":"","overlay-opacity":"","overlay-gradient":""},"tablet":{"background-color":"","background-image":"","background-repeat":"repeat","background-position":"center center","background-size":"auto","background-attachment":"scroll","background-type":"","background-media":"","overlay-type":"","overlay-color":"","overlay-opacity":"","overlay-gradient":""},"mobile":{"background-color":"","background-image":"","background-repeat":"repeat","background-position":"center center","background-size":"auto","background-attachment":"scroll","background-type":"","background-media":"","overlay-type":"","overlay-color":"","overlay-opacity":"","overlay-gradient":""}},"ast-content-background-meta":{"desktop":{"background-color":"var(--ast-global-color-5)","background-image":"","background-repeat":"repeat","background-position":"center center","background-size":"auto","background-attachment":"scroll","background-type":"","background-media":"","overlay-type":"","overlay-color":"","overlay-opacity":"","overlay-gradient":""},"tablet":{"background-color":"var(--ast-global-color-5)","background-image":"","background-repeat":"repeat","background-position":"center center","background-size":"auto","background-attachment":"scroll","background-type":"","background-media":"","overlay-type":"","overlay-color":"","overlay-opacity":"","overlay-gradient":""},"mobile":{"background-color":"var(--ast-global-color-5)","background-image":"","background-repeat":"repeat","background-position":"center center","background-size":"auto","background-attachment":"scroll","background-type":"","background-media":"","overlay-type":"","overlay-color":"","overlay-opacity":"","overlay-gradient":""}},"footnotes":""},"categories":[61,1,73],"tags":[],"class_list":["post-10729","post","type-post","status-publish","format-standard","has-post-thumbnail","hentry","category-escoles-verdes","category-general","category-sise"],"post_mailing_queue_ids":[],"_links":{"self":[{"href":"https:\/\/agora.xtec.cat\/escolaguillemdeclaramunt\/wp-json\/wp\/v2\/posts\/10729","targetHints":{"allow":["GET"]}}],"collection":[{"href":"https:\/\/agora.xtec.cat\/escolaguillemdeclaramunt\/wp-json\/wp\/v2\/posts"}],"about":[{"href":"https:\/\/agora.xtec.cat\/escolaguillemdeclaramunt\/wp-json\/wp\/v2\/types\/post"}],"author":[{"embeddable":true,"href":"https:\/\/agora.xtec.cat\/escolaguillemdeclaramunt\/wp-json\/wp\/v2\/users\/1"}],"replies":[{"embeddable":true,"href":"https:\/\/agora.xtec.cat\/escolaguillemdeclaramunt\/wp-json\/wp\/v2\/comments?post=10729"}],"version-history":[{"count":2,"href":"https:\/\/agora.xtec.cat\/escolaguillemdeclaramunt\/wp-json\/wp\/v2\/posts\/10729\/revisions"}],"predecessor-version":[{"id":10741,"href":"https:\/\/agora.xtec.cat\/escolaguillemdeclaramunt\/wp-json\/wp\/v2\/posts\/10729\/revisions\/10741"}],"wp:featuredmedia":[{"embeddable":true,"href":"https:\/\/agora.xtec.cat\/escolaguillemdeclaramunt\/wp-json\/wp\/v2\/media\/10735"}],"wp:attachment":[{"href":"https:\/\/agora.xtec.cat\/escolaguillemdeclaramunt\/wp-json\/wp\/v2\/media?parent=10729"}],"wp:term":[{"taxonomy":"category","embeddable":true,"href":"https:\/\/agora.xtec.cat\/escolaguillemdeclaramunt\/wp-json\/wp\/v2\/categories?post=10729"},{"taxonomy":"post_tag","embeddable":true,"href":"https:\/\/agora.xtec.cat\/escolaguillemdeclaramunt\/wp-json\/wp\/v2\/tags?post=10729"}],"curies":[{"name":"wp","href":"https:\/\/api.w.org\/{rel}","templated":true}]}}