{"id":9140,"date":"2018-02-11T22:21:00","date_gmt":"2018-02-11T21:21:00","guid":{"rendered":"http:\/\/agora.xtec.cat\/escolagironella\/?p=9140"},"modified":"2018-02-11T22:21:00","modified_gmt":"2018-02-11T21:21:00","slug":"dia-mundial-de-la-pau-i-no-violencia","status":"publish","type":"post","link":"https:\/\/agora.xtec.cat\/escolagironella\/general\/dia-mundial-de-la-pau-i-no-violencia\/","title":{"rendered":"Dia Mundial de la Pau i no Viol\u00e8ncia"},"content":{"rendered":"<p>El divendres 2 de febrer al mat\u00ed tots el alumnes de l&#8217;escola de Gironella vam celebrar el dia Mundial de la Pau i no Viol\u00e8ncia. Aquest any anava adre\u00e7at als refugiats.<\/p>\n<p>Els alumnes de cicle superior van sortir pels carrers de la vila de Gironella a recitar el poema&#8221; Podr\u00edes&#8221; de Joana Raspall\u00a0 i a cantar la can\u00e7\u00f3 &#8220;Pa\u00eds Blanc&#8221;. Esperem que us agradi.<\/p>\n<p>https:\/\/youtu.be\/N6F5Jyemx-M<\/p>\n<p>&nbsp;<\/p>\n<p>https:\/\/youtu.be\/rhGlyjxvzsY<\/p>\n<p>&nbsp;<\/p>\n","protected":false},"excerpt":{"rendered":"<p>El divendres 2 de febrer al mat\u00ed tots el alumnes de l&#8217;escola de Gironella vam celebrar el dia Mundial de la Pau i no Viol\u00e8ncia. Aquest any anava adre\u00e7at als refugiats. Els alumnes de cicle superior van sortir pels carrers de la vila de Gironella a recitar el poema&#8221; Podr\u00edes&#8221; de Joana Raspall\u00a0 i a [&hellip;]<\/p>\n","protected":false},"author":25,"featured_media":9142,"comment_status":"open","ping_status":"closed","sticky":false,"template":"","format":"standard","meta":{"_bbp_topic_count":0,"_bbp_reply_count":0,"_bbp_total_topic_count":0,"_bbp_total_reply_count":0,"_bbp_voice_count":0,"_bbp_anonymous_reply_count":0,"_bbp_topic_count_hidden":0,"_bbp_reply_count_hidden":0,"_bbp_forum_subforum_count":0,"site-sidebar-layout":"default","site-content-layout":"","ast-site-content-layout":"","site-content-style":"default","site-sidebar-style":"default","ast-global-header-display":"","ast-banner-title-visibility":"","ast-main-header-display":"","ast-hfb-above-header-display":"","ast-hfb-below-header-display":"","ast-hfb-mobile-header-display":"","site-post-title":"","ast-breadcrumbs-content":"","ast-featured-img":"","footer-sml-layout":"","theme-transparent-header-meta":"","adv-header-id-meta":"","stick-header-meta":"","header-above-stick-meta":"","header-main-stick-meta":"","header-below-stick-meta":"","astra-migrate-meta-layouts":"default","ast-page-background-enabled":"default","ast-page-background-meta":{"desktop":{"background-color":"var(--ast-global-color-4)","background-image":"","background-repeat":"repeat","background-position":"center center","background-size":"auto","background-attachment":"scroll","background-type":"","background-media":"","overlay-type":"","overlay-color":"","overlay-opacity":"","overlay-gradient":""},"tablet":{"background-color":"","background-image":"","background-repeat":"repeat","background-position":"center center","background-size":"auto","background-attachment":"scroll","background-type":"","background-media":"","overlay-type":"","overlay-color":"","overlay-opacity":"","overlay-gradient":""},"mobile":{"background-color":"","background-image":"","background-repeat":"repeat","background-position":"center center","background-size":"auto","background-attachment":"scroll","background-type":"","background-media":"","overlay-type":"","overlay-color":"","overlay-opacity":"","overlay-gradient":""}},"ast-content-background-meta":{"desktop":{"background-color":"var(--ast-global-color-5)","background-image":"","background-repeat":"repeat","background-position":"center center","background-size":"auto","background-attachment":"scroll","background-type":"","background-media":"","overlay-type":"","overlay-color":"","overlay-opacity":"","overlay-gradient":""},"tablet":{"background-color":"var(--ast-global-color-5)","background-image":"","background-repeat":"repeat","background-position":"center center","background-size":"auto","background-attachment":"scroll","background-type":"","background-media":"","overlay-type":"","overlay-color":"","overlay-opacity":"","overlay-gradient":""},"mobile":{"background-color":"var(--ast-global-color-5)","background-image":"","background-repeat":"repeat","background-position":"center center","background-size":"auto","background-attachment":"scroll","background-type":"","background-media":"","overlay-type":"","overlay-color":"","overlay-opacity":"","overlay-gradient":""}},"footnotes":""},"categories":[1,14,15,4,5],"tags":[83,95,94],"class_list":["post-9140","post","type-post","status-publish","format-standard","has-post-thumbnail","hentry","category-general","category-p5","category-p6","category-portada","category-primaria","tag-cicle-superior","tag-dia-mundial-de-la-pau-i-no-violencia","tag-escola-de-gironella"],"post_mailing_queue_ids":[],"_links":{"self":[{"href":"https:\/\/agora.xtec.cat\/escolagironella\/wp-json\/wp\/v2\/posts\/9140","targetHints":{"allow":["GET"]}}],"collection":[{"href":"https:\/\/agora.xtec.cat\/escolagironella\/wp-json\/wp\/v2\/posts"}],"about":[{"href":"https:\/\/agora.xtec.cat\/escolagironella\/wp-json\/wp\/v2\/types\/post"}],"author":[{"embeddable":true,"href":"https:\/\/agora.xtec.cat\/escolagironella\/wp-json\/wp\/v2\/users\/25"}],"replies":[{"embeddable":true,"href":"https:\/\/agora.xtec.cat\/escolagironella\/wp-json\/wp\/v2\/comments?post=9140"}],"version-history":[{"count":1,"href":"https:\/\/agora.xtec.cat\/escolagironella\/wp-json\/wp\/v2\/posts\/9140\/revisions"}],"predecessor-version":[{"id":9141,"href":"https:\/\/agora.xtec.cat\/escolagironella\/wp-json\/wp\/v2\/posts\/9140\/revisions\/9141"}],"wp:featuredmedia":[{"embeddable":true,"href":"https:\/\/agora.xtec.cat\/escolagironella\/wp-json\/wp\/v2\/media\/9142"}],"wp:attachment":[{"href":"https:\/\/agora.xtec.cat\/escolagironella\/wp-json\/wp\/v2\/media?parent=9140"}],"wp:term":[{"taxonomy":"category","embeddable":true,"href":"https:\/\/agora.xtec.cat\/escolagironella\/wp-json\/wp\/v2\/categories?post=9140"},{"taxonomy":"post_tag","embeddable":true,"href":"https:\/\/agora.xtec.cat\/escolagironella\/wp-json\/wp\/v2\/tags?post=9140"}],"curies":[{"name":"wp","href":"https:\/\/api.w.org\/{rel}","templated":true}]}}