{"id":998,"date":"2017-09-22T10:17:49","date_gmt":"2017-09-22T08:17:49","guid":{"rendered":"http:\/\/agora.xtec.cat\/escolagermanesbertomeu\/?p=998"},"modified":"2017-09-22T10:17:49","modified_gmt":"2017-09-22T08:17:49","slug":"activitats-extraescolars-2017-2018","status":"publish","type":"post","link":"https:\/\/agora.xtec.cat\/escolagermanesbertomeu\/general\/activitats-extraescolars-2017-2018\/","title":{"rendered":"ACTIVITATS EXTRAESCOLARS 2017-2018"},"content":{"rendered":"<p>Benvolgudes fam\u00edlies,<br \/>\nAprofitem per recordar que <strong>les inscripcions a les activitats extraescolars es poden fer fins el dijous 29 de setembre<\/strong> i s\u2019han de deixar els papers omplerts a la capseta de secretaria. <strong>CAL ESTAR AFILIAT A L\u2019AMPA DE L\u2019ESCOLA!<\/strong><br \/>\nAgrair\u00edem que port\u00e9ssiu els papers el m\u00e9s aviat possible per anar gestionant els grups. RECORDEU QUE <strong>COMENCEN LA PRIMERA SETMANA D&#8217;OCTUBRE<\/strong> I PER INICIAR QUALSEVOL ACTIVITAT CAL UN M\u00cdNIM DE NENS\/ES INSCRITS\/ES.<br \/>\nAquest nou curs, <strong>el mestre responsable de les activitats extraescolars \u00e9s en Jordi<\/strong>. Per qualsevol dubte, t\u00e9 <strong>hora d\u2019atenci\u00f3 a les fam\u00edlies els dimarts de 12:00-13:00<\/strong> (o preguntar-li quan el veieu).<br \/>\n<strong>A finals de la setmana vinent, convocarem una reuni\u00f3 informativa <\/strong>per aquelles fam\u00edlies que tinguin fills\/es apuntats i tothom que vulgui venir; tamb\u00e9 s&#8217;intentar\u00e0 que hi hagi un representant de cada activitat extraescolar.<br \/>\nA continuaci\u00f3 adjuntem la graella resum de totes les activitats d&#8217;aquest any.<\/p>\n<p><a href=\"http:\/\/agora.xtec.cat\/escolagermanesbertomeu\/wp-content\/uploads\/usu1488\/2017\/09\/GRAELLA-ACTIVITATS-EXTRAESCOLARS-GERMANES-BERTOMEU.pdf\">GRAELLA ACTIVITATS EXTRAESCOLARS GERMANES BERTOMEU<\/a><\/p>\n","protected":false},"excerpt":{"rendered":"<p>Benvolgudes fam\u00edlies,<br \/>\nAprofitem per recordar que les inscripcions a les activitats extraescolars es poden fer fins el dijous 29 de setembre i s\u2019han de deixar els papers omplerts a la capseta de secretaria. CAL ESTAR AFILIAT A L\u2019AMPA DE L\u2019ESCOLA!<br \/>\nAgrair\u00edem que port\u00e9ssiu els papers el m\u00e9s&hellip;  <a href=\"https:\/\/agora.xtec.cat\/escolagermanesbertomeu\/general\/activitats-extraescolars-2017-2018\/\" title=\"Read ACTIVITATS EXTRAESCOLARS 2017-2018\">Llegeix m\u00e9s\u00bb<\/a><\/p>\n","protected":false},"author":41,"featured_media":0,"comment_status":"open","ping_status":"closed","sticky":false,"template":"","format":"standard","meta":{"_bbp_topic_count":0,"_bbp_reply_count":0,"_bbp_total_topic_count":0,"_bbp_total_reply_count":0,"_bbp_voice_count":0,"_bbp_anonymous_reply_count":0,"_bbp_topic_count_hidden":0,"_bbp_reply_count_hidden":0,"_bbp_forum_subforum_count":0,"footnotes":""},"categories":[7,1,4],"tags":[98],"class_list":["post-998","post","type-post","status-publish","format-standard","hentry","category-afa","category-general","category-portada","tag-ampa"],"post_mailing_queue_ids":[],"_links":{"self":[{"href":"https:\/\/agora.xtec.cat\/escolagermanesbertomeu\/wp-json\/wp\/v2\/posts\/998","targetHints":{"allow":["GET"]}}],"collection":[{"href":"https:\/\/agora.xtec.cat\/escolagermanesbertomeu\/wp-json\/wp\/v2\/posts"}],"about":[{"href":"https:\/\/agora.xtec.cat\/escolagermanesbertomeu\/wp-json\/wp\/v2\/types\/post"}],"author":[{"embeddable":true,"href":"https:\/\/agora.xtec.cat\/escolagermanesbertomeu\/wp-json\/wp\/v2\/users\/41"}],"replies":[{"embeddable":true,"href":"https:\/\/agora.xtec.cat\/escolagermanesbertomeu\/wp-json\/wp\/v2\/comments?post=998"}],"version-history":[{"count":3,"href":"https:\/\/agora.xtec.cat\/escolagermanesbertomeu\/wp-json\/wp\/v2\/posts\/998\/revisions"}],"predecessor-version":[{"id":1003,"href":"https:\/\/agora.xtec.cat\/escolagermanesbertomeu\/wp-json\/wp\/v2\/posts\/998\/revisions\/1003"}],"wp:attachment":[{"href":"https:\/\/agora.xtec.cat\/escolagermanesbertomeu\/wp-json\/wp\/v2\/media?parent=998"}],"wp:term":[{"taxonomy":"category","embeddable":true,"href":"https:\/\/agora.xtec.cat\/escolagermanesbertomeu\/wp-json\/wp\/v2\/categories?post=998"},{"taxonomy":"post_tag","embeddable":true,"href":"https:\/\/agora.xtec.cat\/escolagermanesbertomeu\/wp-json\/wp\/v2\/tags?post=998"}],"curies":[{"name":"wp","href":"https:\/\/api.w.org\/{rel}","templated":true}]}}