{"id":913,"date":"2017-06-19T20:51:15","date_gmt":"2017-06-19T18:51:15","guid":{"rendered":"http:\/\/agora.xtec.cat\/escolagermanesbertomeu\/?p=913"},"modified":"2017-06-19T20:57:47","modified_gmt":"2017-06-19T18:57:47","slug":"que-podem-llegir-durant-les-vacances","status":"publish","type":"post","link":"https:\/\/agora.xtec.cat\/escolagermanesbertomeu\/general\/que-podem-llegir-durant-les-vacances\/","title":{"rendered":"Qu\u00e8 podem llegir durant les vacances?"},"content":{"rendered":"<p>Aqu\u00ed podeu trobar una selecci\u00f3 de llibres per llegir aquestes vacances.<br \/>\nEsperem que us agradin.<br \/>\nBon estiu i bona lectura!<br \/>\n<a href=\"http:\/\/blocs.xtec.cat\/ceipgermanesbertomeubiblioteca\/2017\/06\/19\/llegir-a-lestiu\/\"><img loading=\"lazy\" decoding=\"async\" class=\"alignnone wp-image-915 size-full\" src=\"http:\/\/agora.xtec.cat\/escolagermanesbertomeu\/wp-content\/uploads\/usu1488\/2017\/06\/Image1.gif\" alt=\"Image1\" width=\"372\" height=\"400\" \/><\/a><\/p>\n","protected":false},"excerpt":{"rendered":"<p>Aqu\u00ed podeu trobar una selecci\u00f3 de llibres per llegir aquestes vacances.<br \/>\nEsperem que us agradin.<br \/>\nBon estiu i bona lectura!<br \/>\n<a href=\"http:\/\/blocs.xtec.cat\/ceipgermanesbertomeubiblioteca\/2017\/06\/19\/llegir-a-lestiu\/\"><\/a><\/p>\n","protected":false},"author":15,"featured_media":915,"comment_status":"open","ping_status":"closed","sticky":false,"template":"","format":"standard","meta":{"_bbp_topic_count":0,"_bbp_reply_count":0,"_bbp_total_topic_count":0,"_bbp_total_reply_count":0,"_bbp_voice_count":0,"_bbp_anonymous_reply_count":0,"_bbp_topic_count_hidden":0,"_bbp_reply_count_hidden":0,"_bbp_forum_subforum_count":0,"footnotes":""},"categories":[56,1],"tags":[],"class_list":["post-913","post","type-post","status-publish","format-standard","has-post-thumbnail","hentry","category-biblioteca","category-general"],"post_mailing_queue_ids":[],"_links":{"self":[{"href":"https:\/\/agora.xtec.cat\/escolagermanesbertomeu\/wp-json\/wp\/v2\/posts\/913","targetHints":{"allow":["GET"]}}],"collection":[{"href":"https:\/\/agora.xtec.cat\/escolagermanesbertomeu\/wp-json\/wp\/v2\/posts"}],"about":[{"href":"https:\/\/agora.xtec.cat\/escolagermanesbertomeu\/wp-json\/wp\/v2\/types\/post"}],"author":[{"embeddable":true,"href":"https:\/\/agora.xtec.cat\/escolagermanesbertomeu\/wp-json\/wp\/v2\/users\/15"}],"replies":[{"embeddable":true,"href":"https:\/\/agora.xtec.cat\/escolagermanesbertomeu\/wp-json\/wp\/v2\/comments?post=913"}],"version-history":[{"count":4,"href":"https:\/\/agora.xtec.cat\/escolagermanesbertomeu\/wp-json\/wp\/v2\/posts\/913\/revisions"}],"predecessor-version":[{"id":1497,"href":"https:\/\/agora.xtec.cat\/escolagermanesbertomeu\/wp-json\/wp\/v2\/posts\/913\/revisions\/1497"}],"wp:featuredmedia":[{"embeddable":true,"href":"https:\/\/agora.xtec.cat\/escolagermanesbertomeu\/wp-json\/wp\/v2\/media\/915"}],"wp:attachment":[{"href":"https:\/\/agora.xtec.cat\/escolagermanesbertomeu\/wp-json\/wp\/v2\/media?parent=913"}],"wp:term":[{"taxonomy":"category","embeddable":true,"href":"https:\/\/agora.xtec.cat\/escolagermanesbertomeu\/wp-json\/wp\/v2\/categories?post=913"},{"taxonomy":"post_tag","embeddable":true,"href":"https:\/\/agora.xtec.cat\/escolagermanesbertomeu\/wp-json\/wp\/v2\/tags?post=913"}],"curies":[{"name":"wp","href":"https:\/\/api.w.org\/{rel}","templated":true}]}}