{"id":868,"date":"2017-05-09T09:46:53","date_gmt":"2017-05-09T07:46:53","guid":{"rendered":"http:\/\/agora.xtec.cat\/escolagermanesbertomeu\/?p=868"},"modified":"2018-10-29T15:58:05","modified_gmt":"2018-10-29T14:58:05","slug":"estrenem-taula-de-llum","status":"publish","type":"post","link":"https:\/\/agora.xtec.cat\/escolagermanesbertomeu\/general\/estrenem-taula-de-llum\/","title":{"rendered":"Estrenem taula de llum!"},"content":{"rendered":"<p>Gr\u00e0cies al Toni, el nostre conserge, hem pogut gaudir d&#8217;aquesta taula de llum que ens ha fet pels nens i nenes de P5.<br \/>\nSabeu qu\u00e8 \u00e9s una taula de llum? Una taula de llum es pot utilitzar pel joc lliure i tamb\u00e9 per la integraci\u00f3 sensorial. Ens permet crear un espai d&#8217;aprenentatge atractiu i acollidor que anima els nens a participar en activitats d&#8217;aprenentatge a trav\u00e9s del joc. Ofereix infinites possibilitats per jugar i aprendre amb gaireb\u00e9 qualsevol material. Nosaltres hem aprofitat que estem treballant el conte de &#8220;Les set cabretes i el llop&#8221; i, a partir d&#8217;uns titelles dels personatges del conte, l&#8217;hem representat a la taula de llum. Mireu com hem gaudit!<\/p>\n<div id=\"29697\" style=\"width: 600px; height: 400px;\"><img decoding=\"async\" src=\"https:\/\/lh3.googleusercontent.com\/CjxRvyOvxM65xONygL0-ptwPxFkC_bPbKz6BZdB1GgIdISuyDzK5iS0wW4QI28v2PoDlXENRsYHpLJxsVN4LcJcR8Ur_1OYT3kCWOb2R5SSY5nyRjrc_W9GomJxx4VzknXxXd1PR_Y1TD5ETMa3mSG18LsV5NQMpQmfkEQG3cLgXsN6gnKu02GNKh2HPEEC7FVhV_GLx5knFyhX_fDOzZr_KJfWZzY7xGFBc_bj7xLUOpvXY81H9V_XkifWGbkKrkYonIXuUcDKuGGTwNK5pMZLqK5SXEWYLWPl3W_X6KtOUsPiho5D7ehN_bLwOTcgefpmEjCofWiF46BCuSQWI0vAxeYimrujS01BYF-CtH_TNKVC_wJHu4HJXLbccbv8MCEtFwJd8bTgcm0kflq8lT_uj4DidCFMZ6BOKtxBkcncpk201RjYzSMr_pyzkW8uuUTfOtE04GIncJOUUH8bB77YFoxzgivmdH9PuGZY07UhkelUrPR_R5nGgHGp2DcbhfM9G7oJ3Nuz1zmMy0F3Y5ptBITT8aQgk0FNVArqaRaPvEICKshWiz7WaXNpgl6aul48rd6GnZDRunpE_PvMso3R1dVPqnPQPcuqMrW-8Cfw06A=w800-h600-no\" \/><br \/>\n<img decoding=\"async\" src=\"https:\/\/lh3.googleusercontent.com\/aWGFp3Lji2r0wzklu-uqAobQZMVA255wIMmRnbZNz20xsDsSpFSFk04WdAsHpXaXjBaKKCYJ3tLK_QAP9lYIlWoweXYaoZNq6LA1SwXM7IprrjhMtKxUZCkyAbBIko7DbYOaASTLlmUj3anP0Xz_NQF7FMfEg1xg3-Dnnx3qSirHj7D6ZPTQ1lNIvSdqMQcS2UduP8VXnL7bZnTKEF-CAQdvu7lDMIsSo26iThMuqUtab3f29T6v604OiekCqAXg649whiu9jSGy0CiYEpMUFAEW88jlTM5xT7AJRe-Vha9wNeBlpybkdkYrL9z5gT2PlBedbTRroWlN0BvEge-ssYuA0x7r0XBO-EhCNKDKqzw0Ws5Q049XNIiwPj5CLW3MVFIjPL5-9WrcjV5829vHgdfvUmqNqKOF2_--6IRvJh3yIUnBZnRh8KfB7wz9hXavaKKJRXHEW0eDh7ObMDTw846vPQ3FlR6jIFVcTXq3aZmbERr2xqfsgOFK7-J3QP878GpOqS60B4Q2UhtBCFH79VqOJEkBR2Uf2oeWmjEnHYghXt7yOq70xGy8lNjFQJkoYd-_guHtULDqJp5UZMzm5leVjQzSMjYMJUuZjS8KiuF-DA=w800-h600-no\" \/><br \/>\n<img decoding=\"async\" src=\"https:\/\/lh3.googleusercontent.com\/WLbj2f-FelcUxxX5YQJ-BkDMQNDTtfh3LiJ0WmGFTx8dwVDgWD_hYd_z4fMNXOfYEJFzGC-cVmzHOdX_rIndjEbvBCE2QrqQgESX3E8CMgQhB-NrI9Zqs2h74JAdGuyFM8csOgJhig6UXuLfSUNebVT7YyPJDjrPPPZJCttoqRfw-pPh14XALq41g6PT2sMHlNWL7H1dzZ6HcYbxeRcstfiPjLoju5RRgPR3QKzQx6DgNZafyrL9DsajBOx13hxG9nlgdhLsEiSEWmeQEqnq9ILqFt-oDBKByd2SwQhzU6k9IvOOQWlvCiXSsIMbFvFgpqqElukfpFI1yhhhjJT03NGf8HT9rFFguNwXTQoJ15N2mDHhoS248s16Ui46h_J01mzmzVYE8M827KlpOdPOWImKG-tVVjWOkFkSMl_FKv8taZCpZZvb2YuUbI17o_xsMdMdTxpZ-4nMqH_cQroSvqWv2Sf15s2iSKF52fLOQgi-42Rdhp0RHDwuvVDJcckvHfqd1wM_5vp8yqZNvsOWqd6UJsCxEfF81d-NIEy1bepuoo9Op6LCwpsiuTEiCb_w9jNU8FBdYXHu6IQYtjGcMpRPB-fG0xKUwp6SSga8JQsZTw=w800-h600-no\" \/><br \/>\n<img decoding=\"async\" src=\"https:\/\/lh3.googleusercontent.com\/-qcMx_4gANbfN1oY7HY5XXtt6W23EVpM2EwPy1QCFAGn5hJG7qAKF2uhpT7dsN5x0JsrNrka9k6jUCwQe5nZo42GMFKP2YV8L4GZhSOBGjODAU_RZzZKmX8QVbfbCHQdAlGTJGyuVxD7C2Fpk7duWQeBxWT2xub758QCI3uY6W6GfJZZje7Ge3375IycHedRTw23DOfJ78Ozfxqgy_LtZqQDT3tNlyQXTZlTagkF2qo1W_5V5Fp4ErntSGc-2dAU7rAOzYNflwGwn-d3HnzsNlVCs0ckeOMG0uMLsAv5G7UGMDr3QwnkKOzubpQSS0TXhF_ArsEfk30mEGU9zJrTYybQs4xtPUKrBsNPrO8wGACF5PvO-dMgYt-1uZGLTQKfis8hTrnwjGrUawhEFXI8TbjeWgiivPk3NDRGlJW2W8uRtFCc2yM2sTomYfxAHZXVZqF5gdFcPPboCsI5OMK6m-LNvLlJzGhNl_xnaHvNOPfzjjzknjk3iCBzBXMR0GBnTyja85CjlAA6R8HD4Qy18iNp294ysXGBwYHscz5jhYHVhKaFOFznYydVcY6CDwh4bNhFsWNuIhMcCKqNL7J3b5xRpYrfAWNLiB-n2CYBFXL5Zw=w800-h600-no\" \/><\/div>\n<p><script src=\"https:\/\/cdn.jsdelivr.net\/jquery\/1.12.3\/jquery.min.js\" type=\"text\/javascript\"><\/script><script>\/\/ <![CDATA[ (MyGalleries=(typeof MyGalleries === 'undefined' ? [] : MyGalleries)).push({gallId:'#29697',autoplay:true,lightbox:true,popupLinks:true}); if(typeof GalleryLoaded === 'undefined'){ GalleryLoaded = jQuery(function(){ jQuery.ajax({url:'https:\/\/cdn.jsdelivr.net\/galleria\/1.4.2\/galleria.min.js',dataType:'script',cache:true}).done(function(){ Galleria.loadTheme('https:\/\/cdn.jsdelivr.net\/galleria\/1.4.2\/themes\/classic\/galleria.classic.js'); for(var n in MyGalleries){Galleria.run(MyGalleries[n].gallId, MyGalleries[n]);jQuery(MyGalleries[n].gallId).css('display','block');} }); }); } \/\/ ]]><\/script><\/p>\n","protected":false},"excerpt":{"rendered":"<p>Gr\u00e0cies al Toni, el nostre conserge, hem pogut gaudir d&#8217;aquesta taula de llum que ens ha fet pels nens i nenes de P5.<br \/>\nSabeu qu\u00e8 \u00e9s una taula de llum? Una taula de llum es pot utilitzar pel joc lliure i tamb\u00e9 per la integraci\u00f3 sensorial.&hellip;  <a href=\"https:\/\/agora.xtec.cat\/escolagermanesbertomeu\/general\/estrenem-taula-de-llum\/\" title=\"Read Estrenem taula de llum!\">Llegeix m\u00e9s\u00bb<\/a><\/p>\n","protected":false},"author":13,"featured_media":881,"comment_status":"open","ping_status":"closed","sticky":false,"template":"","format":"standard","meta":{"_bbp_topic_count":0,"_bbp_reply_count":0,"_bbp_total_topic_count":0,"_bbp_total_reply_count":0,"_bbp_voice_count":0,"_bbp_anonymous_reply_count":0,"_bbp_topic_count_hidden":0,"_bbp_reply_count_hidden":0,"_bbp_forum_subforum_count":0,"footnotes":""},"categories":[55,1,2,95],"tags":[106],"class_list":["post-868","post","type-post","status-publish","format-standard","has-post-thumbnail","hentry","category-escola","category-general","category-infantil","category-p5","tag-promocio-2016-2025"],"post_mailing_queue_ids":[],"_links":{"self":[{"href":"https:\/\/agora.xtec.cat\/escolagermanesbertomeu\/wp-json\/wp\/v2\/posts\/868","targetHints":{"allow":["GET"]}}],"collection":[{"href":"https:\/\/agora.xtec.cat\/escolagermanesbertomeu\/wp-json\/wp\/v2\/posts"}],"about":[{"href":"https:\/\/agora.xtec.cat\/escolagermanesbertomeu\/wp-json\/wp\/v2\/types\/post"}],"author":[{"embeddable":true,"href":"https:\/\/agora.xtec.cat\/escolagermanesbertomeu\/wp-json\/wp\/v2\/users\/13"}],"replies":[{"embeddable":true,"href":"https:\/\/agora.xtec.cat\/escolagermanesbertomeu\/wp-json\/wp\/v2\/comments?post=868"}],"version-history":[{"count":4,"href":"https:\/\/agora.xtec.cat\/escolagermanesbertomeu\/wp-json\/wp\/v2\/posts\/868\/revisions"}],"predecessor-version":[{"id":1394,"href":"https:\/\/agora.xtec.cat\/escolagermanesbertomeu\/wp-json\/wp\/v2\/posts\/868\/revisions\/1394"}],"wp:featuredmedia":[{"embeddable":true,"href":"https:\/\/agora.xtec.cat\/escolagermanesbertomeu\/wp-json\/wp\/v2\/media\/881"}],"wp:attachment":[{"href":"https:\/\/agora.xtec.cat\/escolagermanesbertomeu\/wp-json\/wp\/v2\/media?parent=868"}],"wp:term":[{"taxonomy":"category","embeddable":true,"href":"https:\/\/agora.xtec.cat\/escolagermanesbertomeu\/wp-json\/wp\/v2\/categories?post=868"},{"taxonomy":"post_tag","embeddable":true,"href":"https:\/\/agora.xtec.cat\/escolagermanesbertomeu\/wp-json\/wp\/v2\/tags?post=868"}],"curies":[{"name":"wp","href":"https:\/\/api.w.org\/{rel}","templated":true}]}}