{"id":853,"date":"2017-04-18T16:22:36","date_gmt":"2017-04-18T14:22:36","guid":{"rendered":"http:\/\/agora.xtec.cat\/escolagermanesbertomeu\/?p=853"},"modified":"2018-10-29T15:57:04","modified_gmt":"2018-10-29T14:57:04","slug":"en-berto-i-en-quimet-viatgen-pel-mon","status":"publish","type":"post","link":"https:\/\/agora.xtec.cat\/escolagermanesbertomeu\/general\/en-berto-i-en-quimet-viatgen-pel-mon\/","title":{"rendered":"En Berto i en Quimet viatgen pel m\u00f3n!"},"content":{"rendered":"<p>Ja tenim el llibre de Sant Jordi d\u2019aquest any!<\/p>\n<p>Enguany el llibre ha sorgit de la \u201clectura en veu alta\u201d, que els tutors han fet als seus alumnes, de la novel\u00b7la \u201c<strong>La volta al m\u00f3n en 80 dies\u201d<\/strong>\u00a0de Jules Verne.<br \/>\nDels m\u00e9s petits als m\u00e9s grans, van rebre un missatge dels gegants de l\u2019escola, en Berto i en Quimet, en qu\u00e8 els manifestaven les seves \u00e0nsies de viatjar despr\u00e9s d\u2019escoltar les aventures de Phileas Fogg i Passepartout.<br \/>\nEn Berto i en Quimet en el missatge els hi comunicaven que estaven cansats d\u2019estar sempre palplantats i els proposaven que els hi mostressin el m\u00f3n.<br \/>\nEls alumnes conjuntament amb els mestres, els hi han elaborat aquesta guia de viatge per diferents ciutats del m\u00f3n que de segur que els agradar\u00e0 molt.<br \/>\nEls m\u00e9s petits de l\u2019escola els hi fan una proposta de maneres de viatjar.<br \/>\nAmb aquest treball els alumnes s\u2019han acostat a diferents cultures, partint de la literatura, tot adquirint t\u00e8cniques d\u2019investigaci\u00f3 per con\u00e8ixer altres pa\u00efsos, valorant els costums i altres formes de viure.<\/p>\n<div class=\"issuuembed\" style=\"width: 525px; height: 371px;\" data-configid=\"1720848\/47698363\"><\/div>\n<p><script type=\"text\/javascript\" src=\"\/\/e.issuu.com\/embed.js\" async=\"true\"><\/script><\/p>\n<p>RECORDEU QUE PRESENTAREM EL LLIBRE, AL PATI DE L\u2019ESCOLA, EL DIVENDRES 21 D\u2019ABRIL.<br \/>\nAH!<br \/>\nI NO HI FALTAR\u00c0, COM CADA ANY, EL TRADICIONAL BERENAR DE PA AMB XOCOLATA.<\/p>\n","protected":false},"excerpt":{"rendered":"<p>Ja tenim el llibre de Sant Jordi d\u2019aquest any!<br \/>\nEnguany el llibre ha sorgit de la \u201clectura en veu alta\u201d, que els tutors han fet als seus alumnes, de la novel\u00b7la \u201cLa volta al m\u00f3n en 80 dies\u201d\u00a0de Jules Verne.<br \/>\nDels m\u00e9s petits als m\u00e9s grans, van&hellip;  <a href=\"https:\/\/agora.xtec.cat\/escolagermanesbertomeu\/general\/en-berto-i-en-quimet-viatgen-pel-mon\/\" title=\"Read En Berto i en Quimet viatgen pel m\u00f3n!\">Llegeix m\u00e9s\u00bb<\/a><\/p>\n","protected":false},"author":1,"featured_media":854,"comment_status":"open","ping_status":"closed","sticky":false,"template":"","format":"standard","meta":{"_bbp_topic_count":0,"_bbp_reply_count":0,"_bbp_total_topic_count":0,"_bbp_total_reply_count":0,"_bbp_voice_count":0,"_bbp_anonymous_reply_count":0,"_bbp_topic_count_hidden":0,"_bbp_reply_count_hidden":0,"_bbp_forum_subforum_count":0,"footnotes":""},"categories":[9,10,11,12,13,14,56,1,3,8,95],"tags":[90,87],"class_list":["post-853","post","type-post","status-publish","format-standard","has-post-thumbnail","hentry","category-1r","category-2n","category-3r","category-4t","category-5e","category-6e","category-biblioteca","category-general","category-p3","category-p4","category-p5","tag-biblioteca","tag-sant-jordi"],"post_mailing_queue_ids":[],"_links":{"self":[{"href":"https:\/\/agora.xtec.cat\/escolagermanesbertomeu\/wp-json\/wp\/v2\/posts\/853","targetHints":{"allow":["GET"]}}],"collection":[{"href":"https:\/\/agora.xtec.cat\/escolagermanesbertomeu\/wp-json\/wp\/v2\/posts"}],"about":[{"href":"https:\/\/agora.xtec.cat\/escolagermanesbertomeu\/wp-json\/wp\/v2\/types\/post"}],"author":[{"embeddable":true,"href":"https:\/\/agora.xtec.cat\/escolagermanesbertomeu\/wp-json\/wp\/v2\/users\/1"}],"replies":[{"embeddable":true,"href":"https:\/\/agora.xtec.cat\/escolagermanesbertomeu\/wp-json\/wp\/v2\/comments?post=853"}],"version-history":[{"count":3,"href":"https:\/\/agora.xtec.cat\/escolagermanesbertomeu\/wp-json\/wp\/v2\/posts\/853\/revisions"}],"predecessor-version":[{"id":1393,"href":"https:\/\/agora.xtec.cat\/escolagermanesbertomeu\/wp-json\/wp\/v2\/posts\/853\/revisions\/1393"}],"wp:featuredmedia":[{"embeddable":true,"href":"https:\/\/agora.xtec.cat\/escolagermanesbertomeu\/wp-json\/wp\/v2\/media\/854"}],"wp:attachment":[{"href":"https:\/\/agora.xtec.cat\/escolagermanesbertomeu\/wp-json\/wp\/v2\/media?parent=853"}],"wp:term":[{"taxonomy":"category","embeddable":true,"href":"https:\/\/agora.xtec.cat\/escolagermanesbertomeu\/wp-json\/wp\/v2\/categories?post=853"},{"taxonomy":"post_tag","embeddable":true,"href":"https:\/\/agora.xtec.cat\/escolagermanesbertomeu\/wp-json\/wp\/v2\/tags?post=853"}],"curies":[{"name":"wp","href":"https:\/\/api.w.org\/{rel}","templated":true}]}}