{"id":849,"date":"2017-04-18T13:51:49","date_gmt":"2017-04-18T11:51:49","guid":{"rendered":"http:\/\/agora.xtec.cat\/escolagermanesbertomeu\/?p=849"},"modified":"2018-10-29T16:11:07","modified_gmt":"2018-10-29T15:11:07","slug":"la-volta-al-mon-en-80-dies","status":"publish","type":"post","link":"https:\/\/agora.xtec.cat\/escolagermanesbertomeu\/general\/la-volta-al-mon-en-80-dies\/","title":{"rendered":"La volta al m\u00f3n en 80 dies"},"content":{"rendered":"<p>Us presentem aquesta documentaci\u00f3 extreta de la presentaci\u00f3 per\u00a0part dels infants que es va realitzar el proppassat dijous, 30 de\u00a0mar\u00e7 a les fam\u00edlies de l\u2019aula.<\/p>\n<p>Enguany el tema d\u2019escola gira al voltant de la lectura del llibre de Jules Verne: \u201cLa volta al m\u00f3n en 80 dies\u201d. \u00c9s per aix\u00f2 que aquest\u00a0curs hem empr\u00e8s un viatge, que sota el fil conductor del viatge\u00a0del llibre, ens endinsar\u00e0 a diferents situacions d\u2019aprenentatge que\u00a0haurem d\u2019anar resolent de manera cooperativa cercant la manera\u00a0de resoldre cada situaci\u00f3 que se\u2019ns presenta.<\/p>\n<p><a href=\"https:\/\/drive.google.com\/file\/d\/0Bw6Vy1EGrHdSb1RGZXpVUnZtY3M\/view?usp=sharing\"><img loading=\"lazy\" decoding=\"async\" class=\"alignnone  wp-image-727\" src=\"http:\/\/agora.xtec.cat\/escolagermanesbertomeu\/wp-content\/uploads\/usu1488\/2017\/03\/baixa.jpg\" alt=\"baixa\" width=\"79\" height=\"79\" srcset=\"https:\/\/agora.xtec.cat\/escolagermanesbertomeu\/wp-content\/uploads\/usu1488\/2017\/03\/baixa.jpg 225w, https:\/\/agora.xtec.cat\/escolagermanesbertomeu\/wp-content\/uploads\/usu1488\/2017\/03\/baixa-150x150.jpg 150w\" sizes=\"auto, (max-width: 79px) 100vw, 79px\" \/><\/a><\/p>\n","protected":false},"excerpt":{"rendered":"<p>Us presentem aquesta documentaci\u00f3 extreta de la presentaci\u00f3 per\u00a0part dels infants que es va realitzar el proppassat dijous, 30 de\u00a0mar\u00e7 a les fam\u00edlies de l\u2019aula.<br \/>\nEnguany el tema d\u2019escola gira al voltant de la lectura del llibre de Jules Verne: \u201cLa volta al m\u00f3n en 80&hellip;  <a href=\"https:\/\/agora.xtec.cat\/escolagermanesbertomeu\/general\/la-volta-al-mon-en-80-dies\/\" title=\"Read La volta al m\u00f3n en 80 dies\">Llegeix m\u00e9s\u00bb<\/a><\/p>\n","protected":false},"author":1,"featured_media":850,"comment_status":"open","ping_status":"open","sticky":false,"template":"","format":"standard","meta":{"_bbp_topic_count":0,"_bbp_reply_count":0,"_bbp_total_topic_count":0,"_bbp_total_reply_count":0,"_bbp_voice_count":0,"_bbp_anonymous_reply_count":0,"_bbp_topic_count_hidden":0,"_bbp_reply_count_hidden":0,"_bbp_forum_subforum_count":0,"footnotes":""},"categories":[11,1],"tags":[82,62,105],"class_list":["post-849","post","type-post","status-publish","format-standard","has-post-thumbnail","hentry","category-3r","category-general","tag-documentacio","tag-projectes","tag-promocio-2011-2020"],"post_mailing_queue_ids":[],"_links":{"self":[{"href":"https:\/\/agora.xtec.cat\/escolagermanesbertomeu\/wp-json\/wp\/v2\/posts\/849","targetHints":{"allow":["GET"]}}],"collection":[{"href":"https:\/\/agora.xtec.cat\/escolagermanesbertomeu\/wp-json\/wp\/v2\/posts"}],"about":[{"href":"https:\/\/agora.xtec.cat\/escolagermanesbertomeu\/wp-json\/wp\/v2\/types\/post"}],"author":[{"embeddable":true,"href":"https:\/\/agora.xtec.cat\/escolagermanesbertomeu\/wp-json\/wp\/v2\/users\/1"}],"replies":[{"embeddable":true,"href":"https:\/\/agora.xtec.cat\/escolagermanesbertomeu\/wp-json\/wp\/v2\/comments?post=849"}],"version-history":[{"count":1,"href":"https:\/\/agora.xtec.cat\/escolagermanesbertomeu\/wp-json\/wp\/v2\/posts\/849\/revisions"}],"predecessor-version":[{"id":851,"href":"https:\/\/agora.xtec.cat\/escolagermanesbertomeu\/wp-json\/wp\/v2\/posts\/849\/revisions\/851"}],"wp:featuredmedia":[{"embeddable":true,"href":"https:\/\/agora.xtec.cat\/escolagermanesbertomeu\/wp-json\/wp\/v2\/media\/850"}],"wp:attachment":[{"href":"https:\/\/agora.xtec.cat\/escolagermanesbertomeu\/wp-json\/wp\/v2\/media?parent=849"}],"wp:term":[{"taxonomy":"category","embeddable":true,"href":"https:\/\/agora.xtec.cat\/escolagermanesbertomeu\/wp-json\/wp\/v2\/categories?post=849"},{"taxonomy":"post_tag","embeddable":true,"href":"https:\/\/agora.xtec.cat\/escolagermanesbertomeu\/wp-json\/wp\/v2\/tags?post=849"}],"curies":[{"name":"wp","href":"https:\/\/api.w.org\/{rel}","templated":true}]}}