{"id":844,"date":"2017-04-18T09:00:31","date_gmt":"2017-04-18T07:00:31","guid":{"rendered":"http:\/\/agora.xtec.cat\/escolagermanesbertomeu\/?p=844"},"modified":"2017-04-18T09:00:31","modified_gmt":"2017-04-18T07:00:31","slug":"sardatic","status":"publish","type":"post","link":"https:\/\/agora.xtec.cat\/escolagermanesbertomeu\/general\/sardatic\/","title":{"rendered":"Sardatic"},"content":{"rendered":"<p>Un any m\u00e9s l&#8217;escola participa al projecte Sardatic, \u00e9s un projecte molt ambici\u00f3s, que pret\u00e9n acostar la sardana a tot l&#8217;alumnat.<br \/>\nAquest curs, nosaltres, l&#8217;estem treballant amb els nens i nenes de 4t.<\/p>\n<p>A part d&#8217;aprendre a ballar sardanes, han conegut els instruments de cobla i han fet tot d&#8217;activitats a trav\u00e9s del <a href=\"http:\/\/www.sardatic.cat\/p\/el-projecte.html\">bloc<\/a> del mateix projecte.<\/p>\n<p>La ballada final, juntament amb les altres escoles de la ciutat que participen al projecte, ser\u00e0 <strong>dissabte 22 d&#8217;abril a les 5 de la tarda al Parc Central<\/strong>. Us hi esperem!!<\/p>\n<p>Abans, el dia 21 a l&#8217;escola, per celebrar Sant Jordi, ballarem totes les classes \u00a0la sardana que hem apr\u00e8s per a l&#8217;ocasi\u00f3:\u00a0<strong><em>UN DRAC BEN PANXO\u00a0<\/em><\/strong>i els nens i nenes de quart faran d&#8217;ajudants per a tots els altres alumnes.<\/p>\n<p>Us animem a practicar-la, a continuaci\u00f3 us deixem el tutorial per poder-la aprendre.<\/p>\n<p><iframe loading=\"lazy\" title=\"Sardana SardaTIC 2017   Un drac ben panxo\" width=\"500\" height=\"375\" src=\"https:\/\/www.youtube.com\/embed\/ntmo8w3jztU?feature=oembed\" frameborder=\"0\" allow=\"accelerometer; autoplay; clipboard-write; encrypted-media; gyroscope; picture-in-picture; web-share\" referrerpolicy=\"strict-origin-when-cross-origin\" allowfullscreen><\/iframe><\/p>\n","protected":false},"excerpt":{"rendered":"<p>Un any m\u00e9s l&#8217;escola participa al projecte Sardatic, \u00e9s un projecte molt ambici\u00f3s, que pret\u00e9n acostar la sardana a tot l&#8217;alumnat.<br \/>\nAquest curs, nosaltres, l&#8217;estem treballant amb els nens i nenes de 4t.<br \/>\nA part d&#8217;aprendre a ballar sardanes, han conegut els instruments de cobla i han&hellip;  <a href=\"https:\/\/agora.xtec.cat\/escolagermanesbertomeu\/general\/sardatic\/\" title=\"Read Sardatic\">Llegeix m\u00e9s\u00bb<\/a><\/p>\n","protected":false},"author":1,"featured_media":847,"comment_status":"open","ping_status":"open","sticky":false,"template":"","format":"standard","meta":{"_bbp_topic_count":0,"_bbp_reply_count":0,"_bbp_total_topic_count":0,"_bbp_total_reply_count":0,"_bbp_voice_count":0,"_bbp_anonymous_reply_count":0,"_bbp_topic_count_hidden":0,"_bbp_reply_count_hidden":0,"_bbp_forum_subforum_count":0,"footnotes":""},"categories":[1],"tags":[59,62],"class_list":["post-844","post","type-post","status-publish","format-standard","has-post-thumbnail","hentry","category-general","tag-educacio-fisica","tag-projectes"],"post_mailing_queue_ids":[],"_links":{"self":[{"href":"https:\/\/agora.xtec.cat\/escolagermanesbertomeu\/wp-json\/wp\/v2\/posts\/844","targetHints":{"allow":["GET"]}}],"collection":[{"href":"https:\/\/agora.xtec.cat\/escolagermanesbertomeu\/wp-json\/wp\/v2\/posts"}],"about":[{"href":"https:\/\/agora.xtec.cat\/escolagermanesbertomeu\/wp-json\/wp\/v2\/types\/post"}],"author":[{"embeddable":true,"href":"https:\/\/agora.xtec.cat\/escolagermanesbertomeu\/wp-json\/wp\/v2\/users\/1"}],"replies":[{"embeddable":true,"href":"https:\/\/agora.xtec.cat\/escolagermanesbertomeu\/wp-json\/wp\/v2\/comments?post=844"}],"version-history":[{"count":3,"href":"https:\/\/agora.xtec.cat\/escolagermanesbertomeu\/wp-json\/wp\/v2\/posts\/844\/revisions"}],"predecessor-version":[{"id":848,"href":"https:\/\/agora.xtec.cat\/escolagermanesbertomeu\/wp-json\/wp\/v2\/posts\/844\/revisions\/848"}],"wp:featuredmedia":[{"embeddable":true,"href":"https:\/\/agora.xtec.cat\/escolagermanesbertomeu\/wp-json\/wp\/v2\/media\/847"}],"wp:attachment":[{"href":"https:\/\/agora.xtec.cat\/escolagermanesbertomeu\/wp-json\/wp\/v2\/media?parent=844"}],"wp:term":[{"taxonomy":"category","embeddable":true,"href":"https:\/\/agora.xtec.cat\/escolagermanesbertomeu\/wp-json\/wp\/v2\/categories?post=844"},{"taxonomy":"post_tag","embeddable":true,"href":"https:\/\/agora.xtec.cat\/escolagermanesbertomeu\/wp-json\/wp\/v2\/tags?post=844"}],"curies":[{"name":"wp","href":"https:\/\/api.w.org\/{rel}","templated":true}]}}