{"id":798,"date":"2017-03-22T10:28:51","date_gmt":"2017-03-22T09:28:51","guid":{"rendered":"http:\/\/agora.xtec.cat\/escolagermanesbertomeu\/?p=798"},"modified":"2017-03-22T10:28:51","modified_gmt":"2017-03-22T09:28:51","slug":"nova-york-el-nom-de-la-classe","status":"publish","type":"post","link":"https:\/\/agora.xtec.cat\/escolagermanesbertomeu\/general\/nova-york-el-nom-de-la-classe\/","title":{"rendered":"Nova York: El nom de la classe"},"content":{"rendered":"<p>Aquesta documentaci\u00f3 ha estat redactada en gran part pels nens i nenes de la classe. Al realitzar aquesta explicaci\u00f3 reviuen \u00a0situacions viscudes durant el projecte i aix\u00f2 els ajuda a consolidar tot all\u00f2 apr\u00e8s.<\/p>\n<p><a href=\"https:\/\/drive.google.com\/a\/germanesbertomeu.cat\/file\/d\/0Bw6Vy1EGrHdSeEpoVTFFTGYzSUE\/view?usp=sharing\"><img loading=\"lazy\" decoding=\"async\" class=\"alignnone  wp-image-727\" src=\"http:\/\/agora.xtec.cat\/escolagermanesbertomeu\/wp-content\/uploads\/usu1488\/2017\/03\/baixa.jpg\" alt=\"baixa\" width=\"95\" height=\"95\" srcset=\"https:\/\/agora.xtec.cat\/escolagermanesbertomeu\/wp-content\/uploads\/usu1488\/2017\/03\/baixa.jpg 225w, https:\/\/agora.xtec.cat\/escolagermanesbertomeu\/wp-content\/uploads\/usu1488\/2017\/03\/baixa-150x150.jpg 150w\" sizes=\"auto, (max-width: 95px) 100vw, 95px\" \/><\/a><\/p>\n","protected":false},"excerpt":{"rendered":"<p>Aquesta documentaci\u00f3 ha estat redactada en gran part pels nens i nenes de la classe. Al realitzar aquesta explicaci\u00f3 reviuen \u00a0situacions viscudes durant el projecte i aix\u00f2 els ajuda a consolidar tot all\u00f2 apr\u00e8s.<br \/>\n<a href=\"https:\/\/drive.google.com\/a\/germanesbertomeu.cat\/file\/d\/0Bw6Vy1EGrHdSeEpoVTFFTGYzSUE\/view?usp=sharing\"><\/a><\/p>\n","protected":false},"author":1,"featured_media":799,"comment_status":"open","ping_status":"open","sticky":false,"template":"","format":"standard","meta":{"_bbp_topic_count":0,"_bbp_reply_count":0,"_bbp_total_topic_count":0,"_bbp_total_reply_count":0,"_bbp_voice_count":0,"_bbp_anonymous_reply_count":0,"_bbp_topic_count_hidden":0,"_bbp_reply_count_hidden":0,"_bbp_forum_subforum_count":0,"footnotes":""},"categories":[13,1],"tags":[82,62],"class_list":["post-798","post","type-post","status-publish","format-standard","has-post-thumbnail","hentry","category-5e","category-general","tag-documentacio","tag-projectes"],"post_mailing_queue_ids":[],"_links":{"self":[{"href":"https:\/\/agora.xtec.cat\/escolagermanesbertomeu\/wp-json\/wp\/v2\/posts\/798","targetHints":{"allow":["GET"]}}],"collection":[{"href":"https:\/\/agora.xtec.cat\/escolagermanesbertomeu\/wp-json\/wp\/v2\/posts"}],"about":[{"href":"https:\/\/agora.xtec.cat\/escolagermanesbertomeu\/wp-json\/wp\/v2\/types\/post"}],"author":[{"embeddable":true,"href":"https:\/\/agora.xtec.cat\/escolagermanesbertomeu\/wp-json\/wp\/v2\/users\/1"}],"replies":[{"embeddable":true,"href":"https:\/\/agora.xtec.cat\/escolagermanesbertomeu\/wp-json\/wp\/v2\/comments?post=798"}],"version-history":[{"count":1,"href":"https:\/\/agora.xtec.cat\/escolagermanesbertomeu\/wp-json\/wp\/v2\/posts\/798\/revisions"}],"predecessor-version":[{"id":800,"href":"https:\/\/agora.xtec.cat\/escolagermanesbertomeu\/wp-json\/wp\/v2\/posts\/798\/revisions\/800"}],"wp:featuredmedia":[{"embeddable":true,"href":"https:\/\/agora.xtec.cat\/escolagermanesbertomeu\/wp-json\/wp\/v2\/media\/799"}],"wp:attachment":[{"href":"https:\/\/agora.xtec.cat\/escolagermanesbertomeu\/wp-json\/wp\/v2\/media?parent=798"}],"wp:term":[{"taxonomy":"category","embeddable":true,"href":"https:\/\/agora.xtec.cat\/escolagermanesbertomeu\/wp-json\/wp\/v2\/categories?post=798"},{"taxonomy":"post_tag","embeddable":true,"href":"https:\/\/agora.xtec.cat\/escolagermanesbertomeu\/wp-json\/wp\/v2\/tags?post=798"}],"curies":[{"name":"wp","href":"https:\/\/api.w.org\/{rel}","templated":true}]}}