{"id":794,"date":"2017-03-22T09:17:25","date_gmt":"2017-03-22T08:17:25","guid":{"rendered":"http:\/\/agora.xtec.cat\/escolagermanesbertomeu\/?p=794"},"modified":"2018-10-29T16:03:37","modified_gmt":"2018-10-29T15:03:37","slug":"racons-de-treball","status":"publish","type":"post","link":"https:\/\/agora.xtec.cat\/escolagermanesbertomeu\/general\/racons-de-treball\/","title":{"rendered":"Racons de treball"},"content":{"rendered":"<p>Durant el primer trimestre els i les alumnes de primer han estat treballant per racons per tal de poder sistematitzar tots aquells aprenenatges relacionats amb la lectoescriptura i la numeraci\u00f3, els quals considerem que degut al seu mecanismo de consolidaci\u00f3 cal mecanitzar i individualitzar el proc\u00e9s de treball.<\/p>\n<p>Els racons de treball els hem organitzat en dos blocs: els racons de llengua i els racons de matem\u00e0tiques. A cada bloc hi ha un rac\u00f3 on el seu aprenentatge es pot adquirir de manera m\u00e9s aut\u00f2noma i un altre on el seu aprenentatge requereix una atenci\u00f3 m\u00e9s individualitzada per part de la tutora i de la mestra de suport.<\/p>\n<p><a href=\"https:\/\/drive.google.com\/file\/d\/0Bw6Vy1EGrHdSR1NndzdyalJNRGM\/view?usp=sharing\"><img loading=\"lazy\" decoding=\"async\" class=\"alignnone wp-image-727\" src=\"http:\/\/agora.xtec.cat\/escolagermanesbertomeu\/wp-content\/uploads\/usu1488\/2017\/03\/baixa.jpg\" alt=\"baixa\" width=\"79\" height=\"79\" srcset=\"https:\/\/agora.xtec.cat\/escolagermanesbertomeu\/wp-content\/uploads\/usu1488\/2017\/03\/baixa.jpg 225w, https:\/\/agora.xtec.cat\/escolagermanesbertomeu\/wp-content\/uploads\/usu1488\/2017\/03\/baixa-150x150.jpg 150w\" sizes=\"auto, (max-width: 79px) 100vw, 79px\" \/><\/a><\/p>\n","protected":false},"excerpt":{"rendered":"<p>Durant el primer trimestre els i les alumnes de primer han estat treballant per racons per tal de poder sistematitzar tots aquells aprenenatges relacionats amb la lectoescriptura i la numeraci\u00f3, els quals considerem que degut al seu mecanismo de consolidaci\u00f3 cal mecanitzar i individualitzar el&hellip;  <a href=\"https:\/\/agora.xtec.cat\/escolagermanesbertomeu\/general\/racons-de-treball\/\" title=\"Read Racons de treball\">Llegeix m\u00e9s\u00bb<\/a><\/p>\n","protected":false},"author":1,"featured_media":795,"comment_status":"open","ping_status":"closed","sticky":false,"template":"","format":"standard","meta":{"_bbp_topic_count":0,"_bbp_reply_count":0,"_bbp_total_topic_count":0,"_bbp_total_reply_count":0,"_bbp_voice_count":0,"_bbp_anonymous_reply_count":0,"_bbp_topic_count_hidden":0,"_bbp_reply_count_hidden":0,"_bbp_forum_subforum_count":0,"footnotes":""},"categories":[10,1],"tags":[82,103,61],"class_list":["post-794","post","type-post","status-publish","format-standard","has-post-thumbnail","hentry","category-2n","category-general","tag-documentacio","tag-promocio-2013-2022","tag-racons"],"post_mailing_queue_ids":[],"_links":{"self":[{"href":"https:\/\/agora.xtec.cat\/escolagermanesbertomeu\/wp-json\/wp\/v2\/posts\/794","targetHints":{"allow":["GET"]}}],"collection":[{"href":"https:\/\/agora.xtec.cat\/escolagermanesbertomeu\/wp-json\/wp\/v2\/posts"}],"about":[{"href":"https:\/\/agora.xtec.cat\/escolagermanesbertomeu\/wp-json\/wp\/v2\/types\/post"}],"author":[{"embeddable":true,"href":"https:\/\/agora.xtec.cat\/escolagermanesbertomeu\/wp-json\/wp\/v2\/users\/1"}],"replies":[{"embeddable":true,"href":"https:\/\/agora.xtec.cat\/escolagermanesbertomeu\/wp-json\/wp\/v2\/comments?post=794"}],"version-history":[{"count":1,"href":"https:\/\/agora.xtec.cat\/escolagermanesbertomeu\/wp-json\/wp\/v2\/posts\/794\/revisions"}],"predecessor-version":[{"id":796,"href":"https:\/\/agora.xtec.cat\/escolagermanesbertomeu\/wp-json\/wp\/v2\/posts\/794\/revisions\/796"}],"wp:featuredmedia":[{"embeddable":true,"href":"https:\/\/agora.xtec.cat\/escolagermanesbertomeu\/wp-json\/wp\/v2\/media\/795"}],"wp:attachment":[{"href":"https:\/\/agora.xtec.cat\/escolagermanesbertomeu\/wp-json\/wp\/v2\/media?parent=794"}],"wp:term":[{"taxonomy":"category","embeddable":true,"href":"https:\/\/agora.xtec.cat\/escolagermanesbertomeu\/wp-json\/wp\/v2\/categories?post=794"},{"taxonomy":"post_tag","embeddable":true,"href":"https:\/\/agora.xtec.cat\/escolagermanesbertomeu\/wp-json\/wp\/v2\/tags?post=794"}],"curies":[{"name":"wp","href":"https:\/\/api.w.org\/{rel}","templated":true}]}}