{"id":786,"date":"2017-03-22T08:45:19","date_gmt":"2017-03-22T07:45:19","guid":{"rendered":"http:\/\/agora.xtec.cat\/escolagermanesbertomeu\/?p=786"},"modified":"2017-03-22T08:47:15","modified_gmt":"2017-03-22T07:47:15","slug":"els-animals","status":"publish","type":"post","link":"https:\/\/agora.xtec.cat\/escolagermanesbertomeu\/general\/els-animals\/","title":{"rendered":"Els animals"},"content":{"rendered":"<p>Al llarg del primer trimestre, a\u00a0tercer, hem descobert diferents aspectes sobre els animals. Aqu\u00ed hi ha el recull a partir de petits t\u00edtols i fotografies d&#8217;all\u00f2 que hem fet.<\/p>\n<p><a href=\"https:\/\/drive.google.com\/file\/d\/0Bw6Vy1EGrHdSLUdiby1nNmczdDQ\/view?usp=sharing\"><img loading=\"lazy\" decoding=\"async\" class=\"alignnone wp-image-727\" src=\"http:\/\/agora.xtec.cat\/escolagermanesbertomeu\/wp-content\/uploads\/usu1488\/2017\/03\/baixa.jpg\" alt=\"baixa\" width=\"94\" height=\"94\" srcset=\"https:\/\/agora.xtec.cat\/escolagermanesbertomeu\/wp-content\/uploads\/usu1488\/2017\/03\/baixa.jpg 225w, https:\/\/agora.xtec.cat\/escolagermanesbertomeu\/wp-content\/uploads\/usu1488\/2017\/03\/baixa-150x150.jpg 150w\" sizes=\"auto, (max-width: 94px) 100vw, 94px\" \/><\/a><\/p>\n<p>&nbsp;<\/p>\n","protected":false},"excerpt":{"rendered":"<p>Al llarg del primer trimestre, a\u00a0tercer, hem descobert diferents aspectes sobre els animals. Aqu\u00ed hi ha el recull a partir de petits t\u00edtols i fotografies d&#8217;all\u00f2 que hem fet.<br \/>\n<a href=\"https:\/\/drive.google.com\/file\/d\/0Bw6Vy1EGrHdSLUdiby1nNmczdDQ\/view?usp=sharing\"><\/a><br \/>\n&nbsp;<\/p>\n","protected":false},"author":1,"featured_media":787,"comment_status":"open","ping_status":"open","sticky":false,"template":"","format":"standard","meta":{"_bbp_topic_count":0,"_bbp_reply_count":0,"_bbp_total_topic_count":0,"_bbp_total_reply_count":0,"_bbp_voice_count":0,"_bbp_anonymous_reply_count":0,"_bbp_topic_count_hidden":0,"_bbp_reply_count_hidden":0,"_bbp_forum_subforum_count":0,"footnotes":""},"categories":[12,1],"tags":[82,62],"class_list":["post-786","post","type-post","status-publish","format-standard","has-post-thumbnail","hentry","category-4t","category-general","tag-documentacio","tag-projectes"],"post_mailing_queue_ids":[],"_links":{"self":[{"href":"https:\/\/agora.xtec.cat\/escolagermanesbertomeu\/wp-json\/wp\/v2\/posts\/786","targetHints":{"allow":["GET"]}}],"collection":[{"href":"https:\/\/agora.xtec.cat\/escolagermanesbertomeu\/wp-json\/wp\/v2\/posts"}],"about":[{"href":"https:\/\/agora.xtec.cat\/escolagermanesbertomeu\/wp-json\/wp\/v2\/types\/post"}],"author":[{"embeddable":true,"href":"https:\/\/agora.xtec.cat\/escolagermanesbertomeu\/wp-json\/wp\/v2\/users\/1"}],"replies":[{"embeddable":true,"href":"https:\/\/agora.xtec.cat\/escolagermanesbertomeu\/wp-json\/wp\/v2\/comments?post=786"}],"version-history":[{"count":2,"href":"https:\/\/agora.xtec.cat\/escolagermanesbertomeu\/wp-json\/wp\/v2\/posts\/786\/revisions"}],"predecessor-version":[{"id":789,"href":"https:\/\/agora.xtec.cat\/escolagermanesbertomeu\/wp-json\/wp\/v2\/posts\/786\/revisions\/789"}],"wp:featuredmedia":[{"embeddable":true,"href":"https:\/\/agora.xtec.cat\/escolagermanesbertomeu\/wp-json\/wp\/v2\/media\/787"}],"wp:attachment":[{"href":"https:\/\/agora.xtec.cat\/escolagermanesbertomeu\/wp-json\/wp\/v2\/media?parent=786"}],"wp:term":[{"taxonomy":"category","embeddable":true,"href":"https:\/\/agora.xtec.cat\/escolagermanesbertomeu\/wp-json\/wp\/v2\/categories?post=786"},{"taxonomy":"post_tag","embeddable":true,"href":"https:\/\/agora.xtec.cat\/escolagermanesbertomeu\/wp-json\/wp\/v2\/tags?post=786"}],"curies":[{"name":"wp","href":"https:\/\/api.w.org\/{rel}","templated":true}]}}