{"id":744,"date":"2017-03-15T20:04:03","date_gmt":"2017-03-15T19:04:03","guid":{"rendered":"http:\/\/agora.xtec.cat\/escolagermanesbertomeu\/?p=744"},"modified":"2018-10-29T16:11:25","modified_gmt":"2018-10-29T15:11:25","slug":"fem-dansa","status":"publish","type":"post","link":"https:\/\/agora.xtec.cat\/escolagermanesbertomeu\/general\/fem-dansa\/","title":{"rendered":"FEM DANSA"},"content":{"rendered":"<p>Com sabeu dins de l&#8217;educaci\u00f3 f\u00edsica de l&#8217;escola, un cop ja no anem a piscina dediquem una hora a dansa, a primer iniciem el treball de coneixement corporal i ritme amb bases de la dansa contempor\u00e0nia aprofitant els recursos del projecte &#8220;Mou-te&#8221; que, ens permet con\u00e8ixer ballarins de veritat i treballar un mat\u00ed amb ells.<\/p>\n<p>A 2n. continuem amb aquest treball art\u00edstic, anem al gimn\u00e0s ens situem i comencem a ballar. Un any m\u00e9s hem comen\u00e7at a preparar el &#8220;Fem dansa&#8221; d&#8217;aquest curs. Aquest curs treballem de valent, hem de preparar les 6 danses que farem el dia 28 d&#8217;abril a l&#8217;espai firal del Nou Parc Central.<\/p>\n<p>Hi esteu convidats, ser\u00e0 un espectacle molt bonic amb moltes escoles de Matar\u00f3!!!!<\/p>\n<p>Per poder ensenyar aquestes danses, primer els mestres les aprenem. Si voleu practicar a casa us deixo l&#8217;enlla\u00e7 amb les danses ballades pels mestres.<\/p>\n<p><a href=\"https:\/\/vimeo.com\/channels\/1165571\/194311496\">Patatuf<\/a><br \/>\n<a href=\"https:\/\/vimeo.com\/channels\/1165571\/page:3\">Crazy little thing called love <\/a><br \/>\n<a href=\"https:\/\/vimeo.com\/channels\/1165571\/page:4\">El Cam\u00ed<\/a><br \/>\n<a href=\"https:\/\/vimeo.com\/channels\/1165571\/page:5\">Ball dels paraig\u00fces<\/a><br \/>\n<a href=\"https:\/\/vimeo.com\/channels\/1165571\/page:4\">Allegreto<\/a><br \/>\n<a href=\"https:\/\/vimeo.com\/channels\/1165571\/page:4\">Soul bossa nova<\/a><\/p>\n","protected":false},"excerpt":{"rendered":"<p>Com sabeu dins de l&#8217;educaci\u00f3 f\u00edsica de l&#8217;escola, un cop ja no anem a piscina dediquem una hora a dansa, a primer iniciem el treball de coneixement corporal i ritme amb bases de la dansa contempor\u00e0nia aprofitant els recursos del projecte &#8220;Mou-te&#8221; que, ens permet&hellip;  <a href=\"https:\/\/agora.xtec.cat\/escolagermanesbertomeu\/general\/fem-dansa\/\" title=\"Read FEM DANSA\">Llegeix m\u00e9s\u00bb<\/a><\/p>\n","protected":false},"author":1,"featured_media":0,"comment_status":"open","ping_status":"open","sticky":false,"template":"","format":"standard","meta":{"_bbp_topic_count":0,"_bbp_reply_count":0,"_bbp_total_topic_count":0,"_bbp_total_reply_count":0,"_bbp_voice_count":0,"_bbp_anonymous_reply_count":0,"_bbp_topic_count_hidden":0,"_bbp_reply_count_hidden":0,"_bbp_forum_subforum_count":0,"footnotes":""},"categories":[11,55,1],"tags":[59,85,105],"class_list":["post-744","post","type-post","status-publish","format-standard","hentry","category-3r","category-escola","category-general","tag-educacio-fisica","tag-fem-dansa","tag-promocio-2011-2020"],"post_mailing_queue_ids":[],"_links":{"self":[{"href":"https:\/\/agora.xtec.cat\/escolagermanesbertomeu\/wp-json\/wp\/v2\/posts\/744","targetHints":{"allow":["GET"]}}],"collection":[{"href":"https:\/\/agora.xtec.cat\/escolagermanesbertomeu\/wp-json\/wp\/v2\/posts"}],"about":[{"href":"https:\/\/agora.xtec.cat\/escolagermanesbertomeu\/wp-json\/wp\/v2\/types\/post"}],"author":[{"embeddable":true,"href":"https:\/\/agora.xtec.cat\/escolagermanesbertomeu\/wp-json\/wp\/v2\/users\/1"}],"replies":[{"embeddable":true,"href":"https:\/\/agora.xtec.cat\/escolagermanesbertomeu\/wp-json\/wp\/v2\/comments?post=744"}],"version-history":[{"count":3,"href":"https:\/\/agora.xtec.cat\/escolagermanesbertomeu\/wp-json\/wp\/v2\/posts\/744\/revisions"}],"predecessor-version":[{"id":754,"href":"https:\/\/agora.xtec.cat\/escolagermanesbertomeu\/wp-json\/wp\/v2\/posts\/744\/revisions\/754"}],"wp:attachment":[{"href":"https:\/\/agora.xtec.cat\/escolagermanesbertomeu\/wp-json\/wp\/v2\/media?parent=744"}],"wp:term":[{"taxonomy":"category","embeddable":true,"href":"https:\/\/agora.xtec.cat\/escolagermanesbertomeu\/wp-json\/wp\/v2\/categories?post=744"},{"taxonomy":"post_tag","embeddable":true,"href":"https:\/\/agora.xtec.cat\/escolagermanesbertomeu\/wp-json\/wp\/v2\/tags?post=744"}],"curies":[{"name":"wp","href":"https:\/\/api.w.org\/{rel}","templated":true}]}}