{"id":692,"date":"2017-02-28T17:19:51","date_gmt":"2017-02-28T16:19:51","guid":{"rendered":"http:\/\/agora.xtec.cat\/escolagermanesbertomeu\/?p=692"},"modified":"2017-02-28T17:19:51","modified_gmt":"2017-02-28T16:19:51","slug":"jornades-ara-es-dema","status":"publish","type":"post","link":"https:\/\/agora.xtec.cat\/escolagermanesbertomeu\/general\/jornades-ara-es-dema\/","title":{"rendered":"Jornades &#8220;Ara \u00e9s dem\u00e0&#8221;"},"content":{"rendered":"<p>Aquest dissabte 4 de mar\u00e7 l&#8217;escola ha estat convidada a participar en el debat dedicat als alumnes. Els alumnes exposaran les conclusions del debat generat a les aules de cicle superior al voltant dels nostres projectes esc\u00e8nics, de l&#8217;educaci\u00f3 actual i la del futur.<\/p>\n<p><a href=\"https:\/\/docs.google.com\/presentation\/d\/1ndZJFYE_N526mukLSOZhFBRraansaK4Y19d_4TO2Fyg\/edit#slide=id.g21010ec384_0_1\">Presentaci\u00f3 &#8220;Ara \u00e9s dem\u00e0&#8221;<\/a><\/p>\n<p>&nbsp;<\/p>\n","protected":false},"excerpt":{"rendered":"<p>Aquest dissabte 4 de mar\u00e7 l&#8217;escola ha estat convidada a participar en el debat dedicat als alumnes. Els alumnes exposaran les conclusions del debat generat a les aules de cicle superior al voltant dels nostres projectes esc\u00e8nics, de l&#8217;educaci\u00f3 actual i la del futur.<br \/>\n<a href=\"https:\/\/docs.google.com\/presentation\/d\/1ndZJFYE_N526mukLSOZhFBRraansaK4Y19d_4TO2Fyg\/edit#slide=id.g21010ec384_0_1\">Presentaci\u00f3&hellip;  <a href=\"https:\/\/agora.xtec.cat\/escolagermanesbertomeu\/general\/jornades-ara-es-dema\/\" title=\"Read Jornades &#8220;Ara \u00e9s dem\u00e0&#8221;\">Llegeix m\u00e9s\u00bb<\/a><\/p>\n","protected":false},"author":1,"featured_media":0,"comment_status":"open","ping_status":"open","sticky":false,"template":"","format":"standard","meta":{"_bbp_topic_count":0,"_bbp_reply_count":0,"_bbp_total_topic_count":0,"_bbp_total_reply_count":0,"_bbp_voice_count":0,"_bbp_anonymous_reply_count":0,"_bbp_topic_count_hidden":0,"_bbp_reply_count_hidden":0,"_bbp_forum_subforum_count":0,"footnotes":""},"categories":[1],"tags":[68,60,62],"class_list":["post-692","post","type-post","status-publish","format-standard","hentry","category-general","tag-4cordes","tag-musica","tag-projectes"],"post_mailing_queue_ids":[],"_links":{"self":[{"href":"https:\/\/agora.xtec.cat\/escolagermanesbertomeu\/wp-json\/wp\/v2\/posts\/692","targetHints":{"allow":["GET"]}}],"collection":[{"href":"https:\/\/agora.xtec.cat\/escolagermanesbertomeu\/wp-json\/wp\/v2\/posts"}],"about":[{"href":"https:\/\/agora.xtec.cat\/escolagermanesbertomeu\/wp-json\/wp\/v2\/types\/post"}],"author":[{"embeddable":true,"href":"https:\/\/agora.xtec.cat\/escolagermanesbertomeu\/wp-json\/wp\/v2\/users\/1"}],"replies":[{"embeddable":true,"href":"https:\/\/agora.xtec.cat\/escolagermanesbertomeu\/wp-json\/wp\/v2\/comments?post=692"}],"version-history":[{"count":1,"href":"https:\/\/agora.xtec.cat\/escolagermanesbertomeu\/wp-json\/wp\/v2\/posts\/692\/revisions"}],"predecessor-version":[{"id":693,"href":"https:\/\/agora.xtec.cat\/escolagermanesbertomeu\/wp-json\/wp\/v2\/posts\/692\/revisions\/693"}],"wp:attachment":[{"href":"https:\/\/agora.xtec.cat\/escolagermanesbertomeu\/wp-json\/wp\/v2\/media?parent=692"}],"wp:term":[{"taxonomy":"category","embeddable":true,"href":"https:\/\/agora.xtec.cat\/escolagermanesbertomeu\/wp-json\/wp\/v2\/categories?post=692"},{"taxonomy":"post_tag","embeddable":true,"href":"https:\/\/agora.xtec.cat\/escolagermanesbertomeu\/wp-json\/wp\/v2\/tags?post=692"}],"curies":[{"name":"wp","href":"https:\/\/api.w.org\/{rel}","templated":true}]}}