{"id":684,"date":"2017-02-21T08:54:13","date_gmt":"2017-02-21T07:54:13","guid":{"rendered":"http:\/\/agora.xtec.cat\/escolagermanesbertomeu\/?p=684"},"modified":"2017-02-22T09:03:18","modified_gmt":"2017-02-22T08:03:18","slug":"dia-de-les-llengues-maternes","status":"publish","type":"post","link":"https:\/\/agora.xtec.cat\/escolagermanesbertomeu\/general\/dia-de-les-llengues-maternes\/","title":{"rendered":"Dia de les lleng\u00fces maternes"},"content":{"rendered":"<p>Avui hem celebrat el Dia de les Lleng\u00fces Maternes. Els nens i les nenes i les seves fam\u00edlies han escrit la paraula que m\u00e9s els agrada de la seva llengua\u00a0<span class=\"_58cl _5afz\">#<\/span><span class=\"_58cm\">Matar\u00f3M\u00e9s100lleng\u00fces<\/span><\/p>\n<p><a href=\"http:\/\/agora.xtec.cat\/escolagermanesbertomeu\/wp-content\/uploads\/usu1488\/2017\/02\/16832009_759759810844865_6478539649375836704_n.jpg\"><img loading=\"lazy\" decoding=\"async\" class=\"size-medium wp-image-685 aligncenter\" src=\"http:\/\/agora.xtec.cat\/escolagermanesbertomeu\/wp-content\/uploads\/usu1488\/2017\/02\/16832009_759759810844865_6478539649375836704_n-300x225.jpg\" alt=\"16832009_759759810844865_6478539649375836704_n\" width=\"300\" height=\"225\" srcset=\"https:\/\/agora.xtec.cat\/escolagermanesbertomeu\/wp-content\/uploads\/usu1488\/2017\/02\/16832009_759759810844865_6478539649375836704_n-300x225.jpg 300w, https:\/\/agora.xtec.cat\/escolagermanesbertomeu\/wp-content\/uploads\/usu1488\/2017\/02\/16832009_759759810844865_6478539649375836704_n-768x576.jpg 768w, https:\/\/agora.xtec.cat\/escolagermanesbertomeu\/wp-content\/uploads\/usu1488\/2017\/02\/16832009_759759810844865_6478539649375836704_n-200x150.jpg 200w, https:\/\/agora.xtec.cat\/escolagermanesbertomeu\/wp-content\/uploads\/usu1488\/2017\/02\/16832009_759759810844865_6478539649375836704_n.jpg 960w\" sizes=\"auto, (max-width: 300px) 100vw, 300px\" \/><\/a><\/p>\n","protected":false},"excerpt":{"rendered":"<p>Avui hem celebrat el Dia de les Lleng\u00fces Maternes. Els nens i les nenes i les seves fam\u00edlies han escrit la paraula que m\u00e9s els agrada de la seva llengua\u00a0#Matar\u00f3M\u00e9s100lleng\u00fces<br \/>\n<a href=\"http:\/\/agora.xtec.cat\/escolagermanesbertomeu\/wp-content\/uploads\/usu1488\/2017\/02\/16832009_759759810844865_6478539649375836704_n.jpg\"><\/a><\/p>\n","protected":false},"author":1,"featured_media":685,"comment_status":"open","ping_status":"open","sticky":false,"template":"","format":"standard","meta":{"_bbp_topic_count":0,"_bbp_reply_count":0,"_bbp_total_topic_count":0,"_bbp_total_reply_count":0,"_bbp_voice_count":0,"_bbp_anonymous_reply_count":0,"_bbp_topic_count_hidden":0,"_bbp_reply_count_hidden":0,"_bbp_forum_subforum_count":0,"footnotes":""},"categories":[55,1],"tags":[],"class_list":["post-684","post","type-post","status-publish","format-standard","has-post-thumbnail","hentry","category-escola","category-general"],"post_mailing_queue_ids":[],"_links":{"self":[{"href":"https:\/\/agora.xtec.cat\/escolagermanesbertomeu\/wp-json\/wp\/v2\/posts\/684","targetHints":{"allow":["GET"]}}],"collection":[{"href":"https:\/\/agora.xtec.cat\/escolagermanesbertomeu\/wp-json\/wp\/v2\/posts"}],"about":[{"href":"https:\/\/agora.xtec.cat\/escolagermanesbertomeu\/wp-json\/wp\/v2\/types\/post"}],"author":[{"embeddable":true,"href":"https:\/\/agora.xtec.cat\/escolagermanesbertomeu\/wp-json\/wp\/v2\/users\/1"}],"replies":[{"embeddable":true,"href":"https:\/\/agora.xtec.cat\/escolagermanesbertomeu\/wp-json\/wp\/v2\/comments?post=684"}],"version-history":[{"count":1,"href":"https:\/\/agora.xtec.cat\/escolagermanesbertomeu\/wp-json\/wp\/v2\/posts\/684\/revisions"}],"predecessor-version":[{"id":686,"href":"https:\/\/agora.xtec.cat\/escolagermanesbertomeu\/wp-json\/wp\/v2\/posts\/684\/revisions\/686"}],"wp:featuredmedia":[{"embeddable":true,"href":"https:\/\/agora.xtec.cat\/escolagermanesbertomeu\/wp-json\/wp\/v2\/media\/685"}],"wp:attachment":[{"href":"https:\/\/agora.xtec.cat\/escolagermanesbertomeu\/wp-json\/wp\/v2\/media?parent=684"}],"wp:term":[{"taxonomy":"category","embeddable":true,"href":"https:\/\/agora.xtec.cat\/escolagermanesbertomeu\/wp-json\/wp\/v2\/categories?post=684"},{"taxonomy":"post_tag","embeddable":true,"href":"https:\/\/agora.xtec.cat\/escolagermanesbertomeu\/wp-json\/wp\/v2\/tags?post=684"}],"curies":[{"name":"wp","href":"https:\/\/api.w.org\/{rel}","templated":true}]}}