{"id":602,"date":"2016-12-19T13:04:31","date_gmt":"2016-12-19T12:04:31","guid":{"rendered":"http:\/\/agora.xtec.cat\/escolagermanesbertomeu\/?p=602"},"modified":"2016-12-19T13:06:45","modified_gmt":"2016-12-19T12:06:45","slug":"jules-verne-la-volta-al-mon","status":"publish","type":"post","link":"https:\/\/agora.xtec.cat\/escolagermanesbertomeu\/general\/jules-verne-la-volta-al-mon\/","title":{"rendered":"Jules Verne. La volta al m\u00f3n"},"content":{"rendered":"<p><img loading=\"lazy\" decoding=\"async\" class=\"size-medium wp-image-1248 alignnone\" src=\"http:\/\/blocs.xtec.cat\/ceipgermanesbertomeubiblioteca\/files\/2012\/07\/genius-personatges1-300x180.jpg\" alt=\"genius-personatges\" width=\"300\" height=\"180\" \/><\/p>\n<p>Recorda que despr\u00e9s de llegir &#8220;La volta al m\u00f3n en 80 dies&#8221; de Jules Verne tamb\u00e9 pots fer la volta al m\u00f3n d&#8217;en G\u00e8nius\u00a0 accedint a la biblioteca virtual, on trobar\u00e0s detalls de la vida de l&#8217;autor, els seus llibres, els personatges de la novel\u00b7la, temes relacionats, jocs i treballs manuals.<\/p>\n<p>Segur que t&#8217; ho passar\u00e0s\u00a0 molt b\u00e9! Apa, empr\u00e8n el viatge nom\u00e9s amb un <a href=\"http:\/\/genius.diba.cat\/voltamon\">CLIC<\/a>!<\/p>\n<p>Tamb\u00e9 pot saber m\u00e9s clicant aquests enlla\u00e7os:<\/p>\n<p><a href=\"http:\/\/genius.diba.cat\/detall-de-personatge\/-\/detall\/d5aJ\/PERSONATGE\/6200569\/14565743\">Jules Verne. El Personatge.<\/a><\/p>\n<p><a href=\"http:\/\/genius.diba.cat\/detall-d-article?p_p_id=VisorDetalle_WAR_VisorDetalleportlet_INSTANCE_d5aJ&amp;groupId=6200569&amp;articleId=29180413&amp;structureId=ARTICLE\">Viatge al centre de la terra. Article.<\/a><\/p>\n<p><a href=\"http:\/\/bibliotecavirtual.diba.cat\/novela\/avui_fa\/jules-verne\">Jules Verne<\/a><\/p>\n","protected":false},"excerpt":{"rendered":"<p>Recorda que despr\u00e9s de llegir &#8220;La volta al m\u00f3n en 80 dies&#8221; de Jules Verne tamb\u00e9 pots fer la volta al m\u00f3n d&#8217;en G\u00e8nius\u00a0 accedint a la biblioteca virtual, on trobar\u00e0s detalls de la vida de l&#8217;autor, els seus llibres, els personatges de la novel\u00b7la,&hellip;  <a href=\"https:\/\/agora.xtec.cat\/escolagermanesbertomeu\/general\/jules-verne-la-volta-al-mon\/\" title=\"Read Jules Verne. La volta al m\u00f3n\">Llegeix m\u00e9s\u00bb<\/a><\/p>\n","protected":false},"author":15,"featured_media":605,"comment_status":"open","ping_status":"open","sticky":false,"template":"","format":"standard","meta":{"_bbp_topic_count":0,"_bbp_reply_count":0,"_bbp_total_topic_count":0,"_bbp_total_reply_count":0,"_bbp_voice_count":0,"_bbp_anonymous_reply_count":0,"_bbp_topic_count_hidden":0,"_bbp_reply_count_hidden":0,"_bbp_forum_subforum_count":0,"footnotes":""},"categories":[56,1],"tags":[],"class_list":["post-602","post","type-post","status-publish","format-standard","has-post-thumbnail","hentry","category-biblioteca","category-general"],"post_mailing_queue_ids":[],"_links":{"self":[{"href":"https:\/\/agora.xtec.cat\/escolagermanesbertomeu\/wp-json\/wp\/v2\/posts\/602","targetHints":{"allow":["GET"]}}],"collection":[{"href":"https:\/\/agora.xtec.cat\/escolagermanesbertomeu\/wp-json\/wp\/v2\/posts"}],"about":[{"href":"https:\/\/agora.xtec.cat\/escolagermanesbertomeu\/wp-json\/wp\/v2\/types\/post"}],"author":[{"embeddable":true,"href":"https:\/\/agora.xtec.cat\/escolagermanesbertomeu\/wp-json\/wp\/v2\/users\/15"}],"replies":[{"embeddable":true,"href":"https:\/\/agora.xtec.cat\/escolagermanesbertomeu\/wp-json\/wp\/v2\/comments?post=602"}],"version-history":[{"count":1,"href":"https:\/\/agora.xtec.cat\/escolagermanesbertomeu\/wp-json\/wp\/v2\/posts\/602\/revisions"}],"predecessor-version":[{"id":603,"href":"https:\/\/agora.xtec.cat\/escolagermanesbertomeu\/wp-json\/wp\/v2\/posts\/602\/revisions\/603"}],"wp:featuredmedia":[{"embeddable":true,"href":"https:\/\/agora.xtec.cat\/escolagermanesbertomeu\/wp-json\/wp\/v2\/media\/605"}],"wp:attachment":[{"href":"https:\/\/agora.xtec.cat\/escolagermanesbertomeu\/wp-json\/wp\/v2\/media?parent=602"}],"wp:term":[{"taxonomy":"category","embeddable":true,"href":"https:\/\/agora.xtec.cat\/escolagermanesbertomeu\/wp-json\/wp\/v2\/categories?post=602"},{"taxonomy":"post_tag","embeddable":true,"href":"https:\/\/agora.xtec.cat\/escolagermanesbertomeu\/wp-json\/wp\/v2\/tags?post=602"}],"curies":[{"name":"wp","href":"https:\/\/api.w.org\/{rel}","templated":true}]}}