{"id":586,"date":"2016-12-15T16:14:17","date_gmt":"2016-12-15T15:14:17","guid":{"rendered":"http:\/\/agora.xtec.cat\/escolagermanesbertomeu\/?p=586"},"modified":"2018-10-29T16:14:51","modified_gmt":"2018-10-29T15:14:51","slug":"anem-a-patinar","status":"publish","type":"post","link":"https:\/\/agora.xtec.cat\/escolagermanesbertomeu\/general\/anem-a-patinar\/","title":{"rendered":"Anem a patinar"},"content":{"rendered":"<p>Els nens i nenes de 2n han estat els primers de l&#8217;escola que passaran aquests dies per la pista de gel que han instal\u00b7lat a Matar\u00f3. Els propers dies hi aniran els de 3r, 4t, 5\u00e8 i 6\u00e8.<\/p>\n<p><a href=\"http:\/\/agora.xtec.cat\/escolagermanesbertomeu\/wp-content\/uploads\/usu1488\/2016\/12\/IMG-20161215-WA0008.jpg\"><img loading=\"lazy\" decoding=\"async\" class=\"size-medium wp-image-587 aligncenter\" src=\"http:\/\/agora.xtec.cat\/escolagermanesbertomeu\/wp-content\/uploads\/usu1488\/2016\/12\/IMG-20161215-WA0008-300x300.jpg\" alt=\"img-20161215-wa0008\" width=\"300\" height=\"300\" srcset=\"https:\/\/agora.xtec.cat\/escolagermanesbertomeu\/wp-content\/uploads\/usu1488\/2016\/12\/IMG-20161215-WA0008-300x300.jpg 300w, https:\/\/agora.xtec.cat\/escolagermanesbertomeu\/wp-content\/uploads\/usu1488\/2016\/12\/IMG-20161215-WA0008-150x150.jpg 150w, https:\/\/agora.xtec.cat\/escolagermanesbertomeu\/wp-content\/uploads\/usu1488\/2016\/12\/IMG-20161215-WA0008-768x768.jpg 768w, https:\/\/agora.xtec.cat\/escolagermanesbertomeu\/wp-content\/uploads\/usu1488\/2016\/12\/IMG-20161215-WA0008-1024x1024.jpg 1024w, https:\/\/agora.xtec.cat\/escolagermanesbertomeu\/wp-content\/uploads\/usu1488\/2016\/12\/IMG-20161215-WA0008.jpg 1600w\" sizes=\"auto, (max-width: 300px) 100vw, 300px\" \/><\/a><\/p>\n","protected":false},"excerpt":{"rendered":"<p>Els nens i nenes de 2n han estat els primers de l&#8217;escola que passaran aquests dies per la pista de gel que han instal\u00b7lat a Matar\u00f3. Els propers dies hi aniran els de 3r, 4t, 5\u00e8 i 6\u00e8.<br \/>\n<a href=\"http:\/\/agora.xtec.cat\/escolagermanesbertomeu\/wp-content\/uploads\/usu1488\/2016\/12\/IMG-20161215-WA0008.jpg\"><\/a><\/p>\n","protected":false},"author":1,"featured_media":587,"comment_status":"open","ping_status":"closed","sticky":false,"template":"","format":"standard","meta":{"_bbp_topic_count":0,"_bbp_reply_count":0,"_bbp_total_topic_count":0,"_bbp_total_reply_count":0,"_bbp_voice_count":0,"_bbp_anonymous_reply_count":0,"_bbp_topic_count_hidden":0,"_bbp_reply_count_hidden":0,"_bbp_forum_subforum_count":0,"footnotes":""},"categories":[10,55,1],"tags":[101,16],"class_list":["post-586","post","type-post","status-publish","format-standard","has-post-thumbnail","hentry","category-2n","category-escola","category-general","tag-promocio-2012-2021","tag-sortides"],"post_mailing_queue_ids":[],"_links":{"self":[{"href":"https:\/\/agora.xtec.cat\/escolagermanesbertomeu\/wp-json\/wp\/v2\/posts\/586","targetHints":{"allow":["GET"]}}],"collection":[{"href":"https:\/\/agora.xtec.cat\/escolagermanesbertomeu\/wp-json\/wp\/v2\/posts"}],"about":[{"href":"https:\/\/agora.xtec.cat\/escolagermanesbertomeu\/wp-json\/wp\/v2\/types\/post"}],"author":[{"embeddable":true,"href":"https:\/\/agora.xtec.cat\/escolagermanesbertomeu\/wp-json\/wp\/v2\/users\/1"}],"replies":[{"embeddable":true,"href":"https:\/\/agora.xtec.cat\/escolagermanesbertomeu\/wp-json\/wp\/v2\/comments?post=586"}],"version-history":[{"count":2,"href":"https:\/\/agora.xtec.cat\/escolagermanesbertomeu\/wp-json\/wp\/v2\/posts\/586\/revisions"}],"predecessor-version":[{"id":593,"href":"https:\/\/agora.xtec.cat\/escolagermanesbertomeu\/wp-json\/wp\/v2\/posts\/586\/revisions\/593"}],"wp:featuredmedia":[{"embeddable":true,"href":"https:\/\/agora.xtec.cat\/escolagermanesbertomeu\/wp-json\/wp\/v2\/media\/587"}],"wp:attachment":[{"href":"https:\/\/agora.xtec.cat\/escolagermanesbertomeu\/wp-json\/wp\/v2\/media?parent=586"}],"wp:term":[{"taxonomy":"category","embeddable":true,"href":"https:\/\/agora.xtec.cat\/escolagermanesbertomeu\/wp-json\/wp\/v2\/categories?post=586"},{"taxonomy":"post_tag","embeddable":true,"href":"https:\/\/agora.xtec.cat\/escolagermanesbertomeu\/wp-json\/wp\/v2\/tags?post=586"}],"curies":[{"name":"wp","href":"https:\/\/api.w.org\/{rel}","templated":true}]}}