{"id":3454,"date":"2026-04-17T11:01:13","date_gmt":"2026-04-17T09:01:13","guid":{"rendered":"https:\/\/agora.xtec.cat\/escolagermanesbertomeu\/?p=3454"},"modified":"2026-04-17T11:13:57","modified_gmt":"2026-04-17T09:13:57","slug":"dia-de-la-poesia-2026","status":"publish","type":"post","link":"https:\/\/agora.xtec.cat\/escolagermanesbertomeu\/general\/dia-de-la-poesia-2026\/","title":{"rendered":"Dia de la poesia 2026"},"content":{"rendered":"<div class=\"flex flex-col text-sm pb-25\">\n<section class=\"text-token-text-primary w-full focus:outline-none [--shadow-height:45px] has-data-writing-block:pointer-events-none has-data-writing-block:-mt-(--shadow-height) has-data-writing-block:pt-(--shadow-height) [&amp;:has([data-writing-block])&gt;*]:pointer-events-auto scroll-mt-[calc(var(--header-height)+min(200px,max(70px,20svh)))]\" dir=\"auto\" data-turn-id=\"request-WEB:8e868121-b2aa-4fba-b180-fe0ef7242afc-1\" data-testid=\"conversation-turn-4\" data-scroll-anchor=\"true\" data-turn=\"assistant\">\n<div class=\"text-base my-auto mx-auto pb-10 [--thread-content-margin:var(--thread-content-margin-xs,calc(var(--spacing)*4))] @w-sm\/main:[--thread-content-margin:var(--thread-content-margin-sm,calc(var(--spacing)*6))] @w-lg\/main:[--thread-content-margin:var(--thread-content-margin-lg,calc(var(--spacing)*16))] px-(--thread-content-margin)\">\n<div class=\"[--thread-content-max-width:40rem] @w-lg\/main:[--thread-content-max-width:48rem] mx-auto max-w-(--thread-content-max-width) flex-1 group\/turn-messages focus-visible:outline-hidden relative flex w-full min-w-0 flex-col agent-turn\">\n<div class=\"flex max-w-full flex-col gap-4 grow\">\n<div class=\"min-h-8 text-message relative flex w-full flex-col items-end gap-2 text-start break-words whitespace-normal outline-none keyboard-focused:focus-ring [.text-message+&amp;]:mt-1\" dir=\"auto\" tabindex=\"0\" data-message-author-role=\"assistant\" data-message-id=\"8133922b-b803-4900-8191-94919531b6f2\" data-message-model-slug=\"gpt-5-3\" data-turn-start-message=\"true\">\n<div class=\"flex w-full flex-col gap-1 empty:hidden\">\n<div class=\"markdown prose dark:prose-invert w-full wrap-break-word light markdown-new-styling\">\n<p data-start=\"71\" data-end=\"93\"><strong data-start=\"71\" data-end=\"93\">L\u2019armari de poesia<\/strong><\/p>\n<p data-start=\"95\" data-end=\"405\">Amb motiu del Dia de la Poesia, l\u2019alumnat de 3r de prim\u00e0ria ha participat en una activitat interdisciplin\u00e0ria centrada en els haikus. A partir de la lectura de diversos llibres, els infants han descobert les caracter\u00edstiques d\u2019aquests poemes breus i han creat els seus propis textos en parelles o petits grups.<\/p>\n<p data-start=\"407\" data-end=\"590\">Posteriorment, alguns haikus s&#8217;han estampat sobre roba i s&#8217;ha constru\u00eft un armari artesanal per exposar-los, amb peces penjades i un calaix amb els poemes per facilitar-ne la lectura.<\/p>\n<p data-start=\"407\" data-end=\"590\">Finalment, l&#8217;Armari s&#8217;ha instal\u00b7lat als patis de l&#8217;escola gran i petita perqu\u00e8 tota la Comunitat pogu\u00e9s gaudir-ne.<\/p>\n<p data-start=\"592\" data-end=\"738\" data-is-last-node=\"\" data-is-only-node=\"\">Aquesta experi\u00e8ncia ha fomentat la creativitat, el treball en equip i l\u2019expressi\u00f3 art\u00edstica, donant lloc a un projecte final original i compartit.<\/p>\n<p style=\"text-align: center;\" data-start=\"592\" data-end=\"738\" data-is-last-node=\"\" data-is-only-node=\"\"><a href=\"https:\/\/photos.app.goo.gl\/zATbG1vEQrAX5Avj7\">cliqueu per veure fotografies del Dia de la Poesia<\/a><\/p>\n<\/div>\n<\/div>\n<\/div>\n<\/div>\n<div class=\"mt-3 w-full empty:hidden\">\n<div class=\"text-center\"><\/div>\n<\/div>\n<\/div>\n<\/div>\n<\/section>\n<\/div>\n<div class=\"pointer-events-none h-px w-px absolute bottom-0\" aria-hidden=\"true\" data-edge=\"true\"><\/div>\n","protected":false},"excerpt":{"rendered":"<p>Amb motiu del Dia de la Poesia, l\u2019alumnat de 3r de prim\u00e0ria ha participat en una activitat interdisciplin\u00e0ria centrada en els haikus. A partir de la lectura de diversos llibres, els infants han descobert les caracter\u00edstiques d\u2019aquests poemes breus i han creat els seus propis textos en parelles o petits grups.&hellip;  <a href=\"https:\/\/agora.xtec.cat\/escolagermanesbertomeu\/general\/dia-de-la-poesia-2026\/\" title=\"Read Dia de la poesia 2026\">Llegeix m\u00e9s\u00bb<\/a><\/p>\n","protected":false},"author":58,"featured_media":3458,"comment_status":"open","ping_status":"open","sticky":false,"template":"","format":"standard","meta":{"_bbp_topic_count":0,"_bbp_reply_count":0,"_bbp_total_topic_count":0,"_bbp_total_reply_count":0,"_bbp_voice_count":0,"_bbp_anonymous_reply_count":0,"_bbp_topic_count_hidden":0,"_bbp_reply_count_hidden":0,"_bbp_forum_subforum_count":0,"footnotes":""},"categories":[56,55,1],"tags":[90,124],"class_list":["post-3454","post","type-post","status-publish","format-standard","has-post-thumbnail","hentry","category-biblioteca","category-escola","category-general","tag-biblioteca","tag-llengua-materna"],"post_mailing_queue_ids":[],"_links":{"self":[{"href":"https:\/\/agora.xtec.cat\/escolagermanesbertomeu\/wp-json\/wp\/v2\/posts\/3454","targetHints":{"allow":["GET"]}}],"collection":[{"href":"https:\/\/agora.xtec.cat\/escolagermanesbertomeu\/wp-json\/wp\/v2\/posts"}],"about":[{"href":"https:\/\/agora.xtec.cat\/escolagermanesbertomeu\/wp-json\/wp\/v2\/types\/post"}],"author":[{"embeddable":true,"href":"https:\/\/agora.xtec.cat\/escolagermanesbertomeu\/wp-json\/wp\/v2\/users\/58"}],"replies":[{"embeddable":true,"href":"https:\/\/agora.xtec.cat\/escolagermanesbertomeu\/wp-json\/wp\/v2\/comments?post=3454"}],"version-history":[{"count":4,"href":"https:\/\/agora.xtec.cat\/escolagermanesbertomeu\/wp-json\/wp\/v2\/posts\/3454\/revisions"}],"predecessor-version":[{"id":3459,"href":"https:\/\/agora.xtec.cat\/escolagermanesbertomeu\/wp-json\/wp\/v2\/posts\/3454\/revisions\/3459"}],"wp:featuredmedia":[{"embeddable":true,"href":"https:\/\/agora.xtec.cat\/escolagermanesbertomeu\/wp-json\/wp\/v2\/media\/3458"}],"wp:attachment":[{"href":"https:\/\/agora.xtec.cat\/escolagermanesbertomeu\/wp-json\/wp\/v2\/media?parent=3454"}],"wp:term":[{"taxonomy":"category","embeddable":true,"href":"https:\/\/agora.xtec.cat\/escolagermanesbertomeu\/wp-json\/wp\/v2\/categories?post=3454"},{"taxonomy":"post_tag","embeddable":true,"href":"https:\/\/agora.xtec.cat\/escolagermanesbertomeu\/wp-json\/wp\/v2\/tags?post=3454"}],"curies":[{"name":"wp","href":"https:\/\/api.w.org\/{rel}","templated":true}]}}