{"id":3422,"date":"2026-01-08T12:00:42","date_gmt":"2026-01-08T11:00:42","guid":{"rendered":"https:\/\/agora.xtec.cat\/escolagermanesbertomeu\/?p=3422"},"modified":"2026-01-23T12:38:49","modified_gmt":"2026-01-23T11:38:49","slug":"canviem-el-logotip-de-lescola","status":"publish","type":"post","link":"https:\/\/agora.xtec.cat\/escolagermanesbertomeu\/general\/canviem-el-logotip-de-lescola\/","title":{"rendered":"Canviem el logotip de l&#8217;escola"},"content":{"rendered":"<p>Sab\u00edeu que l&#8217;escola ha tingut diversos logotips (imatges corporatives) al llarg de la seva hist\u00f2ria? Els darrers s\u00f3n aquests dos.<\/p>\n<p>Aquest \u00e9s anterior al 1990, per\u00f2 desconeixem quan es va crear exactament. En Pep Sivilla, mestre de l&#8217;escola llavors, va fer una adaptaci\u00f3 afegint color a les lletres buides i ampliant el llapis aprofitant l&#8217;arribada de la primera tecnologia inform\u00e0tica al centre.<\/p>\n<p><a href=\"https:\/\/agora.xtec.cat\/escolagermanesbertomeu\/wp-content\/uploads\/usu1488\/2026\/01\/Logo-llapis-paleolitic.png\"><img loading=\"lazy\" decoding=\"async\" class=\"size-full wp-image-3424 alignleft\" src=\"https:\/\/agora.xtec.cat\/escolagermanesbertomeu\/wp-content\/uploads\/usu1488\/2026\/01\/Logo-llapis-paleolitic.png\" alt=\"\" width=\"226\" height=\"218\" \/><\/a><\/p>\n<p>&nbsp;<\/p>\n<p>&nbsp;<\/p>\n<p>&nbsp;<\/p>\n<p>&nbsp;<\/p>\n<p>&nbsp;<\/p>\n<p>&nbsp;<\/p>\n<p>Aquest altre, que probablement coneixeu m\u00e9s, \u00e9s obra de la il\u00b7lustradora Carla Vidal i es va implementar l&#8217;any 2014. Desinteressadament, la Carla ens va fer div<a href=\"https:\/\/agora.xtec.cat\/escolagermanesbertomeu\/wp-content\/uploads\/usu1488\/2026\/01\/logo-sense-fons-vertical.png\"><img loading=\"lazy\" decoding=\"async\" class=\"wp-image-3423 alignleft\" src=\"https:\/\/agora.xtec.cat\/escolagermanesbertomeu\/wp-content\/uploads\/usu1488\/2026\/01\/logo-sense-fons-vertical-238x300.png\" alt=\"\" width=\"214\" height=\"270\" srcset=\"https:\/\/agora.xtec.cat\/escolagermanesbertomeu\/wp-content\/uploads\/usu1488\/2026\/01\/logo-sense-fons-vertical-238x300.png 238w, https:\/\/agora.xtec.cat\/escolagermanesbertomeu\/wp-content\/uploads\/usu1488\/2026\/01\/logo-sense-fons-vertical.png 550w\" sizes=\"auto, (max-width: 214px) 100vw, 214px\" \/><\/a>erses propostes i en un proc\u00e9s participatiu, la comunitat d&#8217;aleshores va triar aquest disseny de l&#8217;infant llegint. Com es pot observar, la biblioteca (a trav\u00e9s del llibre) i la m\u00fasica (mitjan\u00e7ant la clau de sol) ja eren protagonistes llavors com elements destacats del projecte educatiu.<\/p>\n<p>&nbsp;<\/p>\n<p>&nbsp;<\/p>\n<p>&nbsp;<\/p>\n<p>&nbsp;<\/p>\n<p>&nbsp;<\/p>\n<p>&nbsp;<\/p>\n<p>El logotip actual s&#8217;ha comen\u00e7at a implementar aquest any 2026. L&#8217;ha dissenyat la Gemma Vives, il\u00b7lustradora i mare de l&#8217;escola, l&#8217;estiu passat, juntament amb dues propostes. Ella mateixa va tenir la iniciativa de suggerir-nos fer un canvi, i com l&#8217;anterior ja tenia 11 anys, ens va semblar una gran idea.<\/p>\n<p>Aleshores, l&#8217;estiu de 2025, la Gemma i l&#8217;equip directiu vam tenir una conversa molt interessant sobre l&#8217;escola, especialment sobre els trets m\u00e9s identitaris. Amb la inspiraci\u00f3 de la conversa va elaborar tres dissenys, que ens va presentar a una comissi\u00f3 de mestres i AFA, detallant com va rumiar cada disseny. Tamb\u00e9 ens va oferir altres idees sobre la imatge del centre, elements gr\u00e0fics, fonts i presentacions relacionades amb cada proposta.<\/p>\n<p>Al novembre es va enquestar als alumnes, fam\u00edlies i personal laboral per tal de veure quina de les tres propostes sortia triada. Els alumnes de 4t es van encarregar del recompte establint aquest resultat final:<\/p>\n<p><a href=\"https:\/\/agora.xtec.cat\/escolagermanesbertomeu\/wp-content\/uploads\/usu1488\/2026\/01\/Resultat-votacions-logo.jpg\"><img loading=\"lazy\" decoding=\"async\" class=\"size-full wp-image-3425 alignleft\" src=\"https:\/\/agora.xtec.cat\/escolagermanesbertomeu\/wp-content\/uploads\/usu1488\/2026\/01\/Resultat-votacions-logo.jpg\" alt=\"\" width=\"800\" height=\"450\" srcset=\"https:\/\/agora.xtec.cat\/escolagermanesbertomeu\/wp-content\/uploads\/usu1488\/2026\/01\/Resultat-votacions-logo.jpg 800w, https:\/\/agora.xtec.cat\/escolagermanesbertomeu\/wp-content\/uploads\/usu1488\/2026\/01\/Resultat-votacions-logo-300x169.jpg 300w, https:\/\/agora.xtec.cat\/escolagermanesbertomeu\/wp-content\/uploads\/usu1488\/2026\/01\/Resultat-votacions-logo-768x432.jpg 768w\" sizes=\"auto, (max-width: 800px) 100vw, 800px\" \/><\/a><\/p>\n<p>&nbsp;<\/p>\n<p>&nbsp;<\/p>\n","protected":false},"excerpt":{"rendered":"<p>Sab\u00edeu que l&#8217;escola ha tingut diversos logotips (imatges corporatives) al llarg de la seva hist\u00f2ria? Vols saber qui l&#8217;ha dissenyat i com s&#8217;ha escollit el logotip actual?&hellip;  <a href=\"https:\/\/agora.xtec.cat\/escolagermanesbertomeu\/general\/canviem-el-logotip-de-lescola\/\" title=\"Read Canviem el logotip de l&#8217;escola\">Llegeix m\u00e9s\u00bb<\/a><\/p>\n","protected":false},"author":1,"featured_media":3436,"comment_status":"open","ping_status":"open","sticky":false,"template":"","format":"standard","meta":{"_bbp_topic_count":0,"_bbp_reply_count":0,"_bbp_total_topic_count":0,"_bbp_total_reply_count":0,"_bbp_voice_count":0,"_bbp_anonymous_reply_count":0,"_bbp_topic_count_hidden":0,"_bbp_reply_count_hidden":0,"_bbp_forum_subforum_count":0,"footnotes":""},"categories":[7,55,1,4],"tags":[134,79],"class_list":["post-3422","post","type-post","status-publish","format-standard","has-post-thumbnail","hentry","category-afa","category-escola","category-general","category-portada","tag-afa","tag-germanes-bertomeu"],"post_mailing_queue_ids":[],"_links":{"self":[{"href":"https:\/\/agora.xtec.cat\/escolagermanesbertomeu\/wp-json\/wp\/v2\/posts\/3422","targetHints":{"allow":["GET"]}}],"collection":[{"href":"https:\/\/agora.xtec.cat\/escolagermanesbertomeu\/wp-json\/wp\/v2\/posts"}],"about":[{"href":"https:\/\/agora.xtec.cat\/escolagermanesbertomeu\/wp-json\/wp\/v2\/types\/post"}],"author":[{"embeddable":true,"href":"https:\/\/agora.xtec.cat\/escolagermanesbertomeu\/wp-json\/wp\/v2\/users\/1"}],"replies":[{"embeddable":true,"href":"https:\/\/agora.xtec.cat\/escolagermanesbertomeu\/wp-json\/wp\/v2\/comments?post=3422"}],"version-history":[{"count":6,"href":"https:\/\/agora.xtec.cat\/escolagermanesbertomeu\/wp-json\/wp\/v2\/posts\/3422\/revisions"}],"predecessor-version":[{"id":3433,"href":"https:\/\/agora.xtec.cat\/escolagermanesbertomeu\/wp-json\/wp\/v2\/posts\/3422\/revisions\/3433"}],"wp:featuredmedia":[{"embeddable":true,"href":"https:\/\/agora.xtec.cat\/escolagermanesbertomeu\/wp-json\/wp\/v2\/media\/3436"}],"wp:attachment":[{"href":"https:\/\/agora.xtec.cat\/escolagermanesbertomeu\/wp-json\/wp\/v2\/media?parent=3422"}],"wp:term":[{"taxonomy":"category","embeddable":true,"href":"https:\/\/agora.xtec.cat\/escolagermanesbertomeu\/wp-json\/wp\/v2\/categories?post=3422"},{"taxonomy":"post_tag","embeddable":true,"href":"https:\/\/agora.xtec.cat\/escolagermanesbertomeu\/wp-json\/wp\/v2\/tags?post=3422"}],"curies":[{"name":"wp","href":"https:\/\/api.w.org\/{rel}","templated":true}]}}