{"id":3343,"date":"2025-04-09T17:38:35","date_gmt":"2025-04-09T15:38:35","guid":{"rendered":"https:\/\/agora.xtec.cat\/escolagermanesbertomeu\/?p=3343"},"modified":"2025-04-09T17:38:35","modified_gmt":"2025-04-09T15:38:35","slug":"dia-internacional-de-les-llengues-maternes-3","status":"publish","type":"post","link":"https:\/\/agora.xtec.cat\/escolagermanesbertomeu\/general\/dia-internacional-de-les-llengues-maternes-3\/","title":{"rendered":"Dia Internacional de les Lleng\u00fces Maternes"},"content":{"rendered":"<p>Des de fa molts anys, a l\u2019Escola Germanes Bertomeu celebrem el <strong>Dia Internacional de la Llengua Materna<\/strong> per posar en valor la riquesa ling\u00fc\u00edstica i cultural del nostre alumnat. La nostra escola \u00e9s un espai obert i acollidor, on convivim persones de moltes proced\u00e8ncies i parlem diferents lleng\u00fces.<\/p>\n<p>Durant tot el 2n trimestre, l\u2019alumnat de l\u2019Aula d\u2019Acollida ha fet tot un treball al voltant de la diada, i d\u2019aqu\u00ed se n\u2019han generat una s\u00e8rie d\u2019activitats: anem a la Biblioteca Pompeu Fabra a visitar una exposici\u00f3 sobre lleng\u00fces maternes, dissenyem i portem a terme una enquesta a tota l\u2019escola, demanant quina \u00e9s la seva llengua materna i quina can\u00e7\u00f3 de bressol recorden en el seu idioma matern, realitzem una mostra de cartells informatius sobre el dia de la llengua materna per repartir a totes les aules i finalment, amb el resultat de les enquestes, elaborem una llista de can\u00e7ons de bressol amb totes les lleng\u00fces maternes de la nostra escola. Tota la informaci\u00f3 ha quedat exposada en un mural interactiu a l\u2019escola.<\/p>\n<p>Des d\u2019aqu\u00ed us convidem a fer un viatge a trav\u00e9s de les diferents can\u00e7ons de bressol suggerides per l\u2019alumnat i les seves fam\u00edlies: cliqueu a sobre de cada idioma i a gaudir!<\/p>\n<p style=\"text-align: center;\"><a href=\"https:\/\/www.google.com\/url?sa=D&amp;q=https:\/\/youtu.be\/0Dnw3SMOnPo%3Fsi%3DAtUTqpyw4OCnfnmh&amp;ust=1744298280000000&amp;usg=AOvVaw07SJAXo-Kx8GFAv93oD09C&amp;hl=ca&amp;source=gmail\" target=\"_blank\" rel=\"noopener\">DHARIJA<\/a><br \/>\n<a href=\"https:\/\/www.youtube.com\/watch?v=z4eW55Gdpiw\" target=\"_blank\" rel=\"noopener\">WOLOF-FRANC\u00c8S<\/a><br \/>\n<a href=\"https:\/\/open.spotify.com\/track\/6BVCx12U8Or9Oh6Mxfxycd?si=ca5b06315ffa4a8d&amp;nd=1&amp;dlsi=a9013d70ea7649ce\" target=\"_blank\" rel=\"noopener\">CATAL\u00c0<\/a><br \/>\n<a href=\"https:\/\/www.youtube.com\/watch?v=ctRTRIItm9Y\" target=\"_blank\" rel=\"noopener\">UCRAIN\u00c8S<\/a><br \/>\n<a href=\"https:\/\/www.youtube.com\/watch?v=Y_YbZsOkbXQ\" target=\"_blank\" rel=\"noopener\">ALEMANY<\/a><br \/>\n<a href=\"https:\/\/www.youtube.com\/watch?v=nO5aCDfV2ZQ\" target=\"_blank\" rel=\"noopener\">SARANHULE-SONIKE<\/a><br \/>\n<a href=\"https:\/\/www.youtube.com\/watch?v=BDMmj5WgB8c\" target=\"_blank\" rel=\"noopener\">RUS<\/a><br \/>\n<a href=\"https:\/\/www.youtube.com\/watch?v=fCmHQVmjFwc\" target=\"_blank\" rel=\"noopener\">VIETMAMITA<\/a><br \/>\n<a href=\"https:\/\/www.youtube.com\/watch?v=J-a7svFBHPY\" target=\"_blank\" rel=\"noopener\">CASTELL\u00c0<\/a><br \/>\n<a href=\"https:\/\/drive.google.com\/file\/d\/15DfVbD3LIh_kE6o_kaDUxBM5TLh6VJFZ\/view\" target=\"_blank\" rel=\"noopener\">BAMBARA<\/a><br \/>\n<a href=\"https:\/\/www.youtube.com\/shorts\/j5CGVkfDaRY\" target=\"_blank\" rel=\"noopener\">LUGA ARABIA<\/a><br \/>\n<a href=\"https:\/\/www.youtube.com\/watch?v=cNZkpDYswec\" target=\"_blank\" rel=\"noopener\">FULA-PULAAR<\/a><br \/>\n<a href=\"https:\/\/www.youtube.com\/watch?v=JA4t4zFjTXc\" target=\"_blank\" rel=\"noopener\">MANDINGA<\/a><br \/>\n<a href=\"https:\/\/www.youtube.com\/watch?v=AhnxgOChwv0\" target=\"_blank\" rel=\"noopener\">MANDAR\u00cd<\/a><\/p>\n","protected":false},"excerpt":{"rendered":"<p>Des de fa molts anys, a l\u2019Escola Germanes Bertomeu celebrem el Dia Internacional de la Llengua Materna per posar en valor la riquesa ling\u00fc\u00edstica i cultural del nostre alumnat. La nostra escola \u00e9s un espai obert i acollidor, on convivim persones de moltes proced\u00e8ncies i parlem diferents lleng\u00fces. Vols saber com?&hellip;  <a href=\"https:\/\/agora.xtec.cat\/escolagermanesbertomeu\/general\/dia-internacional-de-les-llengues-maternes-3\/\" title=\"Read Dia Internacional de les Lleng\u00fces Maternes\">Llegeix m\u00e9s\u00bb<\/a><\/p>\n","protected":false},"author":1,"featured_media":3344,"comment_status":"open","ping_status":"closed","sticky":false,"template":"","format":"standard","meta":{"_bbp_topic_count":0,"_bbp_reply_count":0,"_bbp_total_topic_count":0,"_bbp_total_reply_count":0,"_bbp_voice_count":0,"_bbp_anonymous_reply_count":0,"_bbp_topic_count_hidden":0,"_bbp_reply_count_hidden":0,"_bbp_forum_subforum_count":0,"footnotes":""},"categories":[55,1,2,4,5],"tags":[110,124],"class_list":["post-3343","post","type-post","status-publish","format-standard","has-post-thumbnail","hentry","category-escola","category-general","category-infantil","category-portada","category-primaria","tag-aula-dacollida","tag-llengua-materna"],"post_mailing_queue_ids":[],"_links":{"self":[{"href":"https:\/\/agora.xtec.cat\/escolagermanesbertomeu\/wp-json\/wp\/v2\/posts\/3343","targetHints":{"allow":["GET"]}}],"collection":[{"href":"https:\/\/agora.xtec.cat\/escolagermanesbertomeu\/wp-json\/wp\/v2\/posts"}],"about":[{"href":"https:\/\/agora.xtec.cat\/escolagermanesbertomeu\/wp-json\/wp\/v2\/types\/post"}],"author":[{"embeddable":true,"href":"https:\/\/agora.xtec.cat\/escolagermanesbertomeu\/wp-json\/wp\/v2\/users\/1"}],"replies":[{"embeddable":true,"href":"https:\/\/agora.xtec.cat\/escolagermanesbertomeu\/wp-json\/wp\/v2\/comments?post=3343"}],"version-history":[{"count":1,"href":"https:\/\/agora.xtec.cat\/escolagermanesbertomeu\/wp-json\/wp\/v2\/posts\/3343\/revisions"}],"predecessor-version":[{"id":3345,"href":"https:\/\/agora.xtec.cat\/escolagermanesbertomeu\/wp-json\/wp\/v2\/posts\/3343\/revisions\/3345"}],"wp:featuredmedia":[{"embeddable":true,"href":"https:\/\/agora.xtec.cat\/escolagermanesbertomeu\/wp-json\/wp\/v2\/media\/3344"}],"wp:attachment":[{"href":"https:\/\/agora.xtec.cat\/escolagermanesbertomeu\/wp-json\/wp\/v2\/media?parent=3343"}],"wp:term":[{"taxonomy":"category","embeddable":true,"href":"https:\/\/agora.xtec.cat\/escolagermanesbertomeu\/wp-json\/wp\/v2\/categories?post=3343"},{"taxonomy":"post_tag","embeddable":true,"href":"https:\/\/agora.xtec.cat\/escolagermanesbertomeu\/wp-json\/wp\/v2\/tags?post=3343"}],"curies":[{"name":"wp","href":"https:\/\/api.w.org\/{rel}","templated":true}]}}